{"id":4600,"date":"2025-05-15T08:59:45","date_gmt":"2025-05-15T06:59:45","guid":{"rendered":"https:\/\/zendr.se\/?p=4600"},"modified":"2025-09-12T08:36:59","modified_gmt":"2025-09-12T06:36:59","slug":"fraktpolicy-foretag","status":"publish","type":"post","link":"https:\/\/zendr.se\/no\/blogg\/fraktpolicy-foretag\/","title":{"rendered":"Slik oppretter du en tydelig fraktpolicy for din bedrift"},"content":{"rendered":"<p>I dette innlegget g\u00e5r vi gjennom hvorfor du b\u00f8r ha en fraktpolicy, hva den b\u00f8r inneholde \u2013 og hvordan du kommuniserer den riktig.<\/p>\n\n\n\n<p><\/p>\n\n\n\n<h3 class=\"wp-block-heading\">Hvorfor er en fraktpolicy viktig?<br><p data-start=\"708\" data-end=\"885\" class=\"\"><\/p><p data-start=\"825\" data-end=\"979\" class=\"\"><\/p><p data-start=\"589\" data-end=\"705\" class=\"\"><\/p><p data-start=\"638\" data-end=\"778\" class=\"\"><\/p><\/h3>\n\n\n\n<p>Uansett om du driver en nettbutikk, en grossistvirksomhet eller produserer fysiske produkter, er det viktig at b\u00e5de kunder og interne team forst\u00e5r hva som gjelder rundt leveranser.<\/p>\n\n\n\n<p>En fraktpolicy<\/p>\n\n\n\n<ul class=\"wp-block-list\">\n<li>Skaper <strong>tydelighet<\/strong> mot kunden<\/li>\n\n\n\n<li>Ger <strong>effektivare support<\/strong><\/li>\n\n\n\n<li>Underl\u00e4ttar <strong>intern koordinering<\/strong><\/li>\n\n\n\n<li>Reduserer risikoen for <strong>tvister og returer<\/strong><\/li>\n\n\n\n<li>Forbedrer <strong>tilliten<\/strong> for ditt varemerke<\/li>\n<\/ul>\n\n\n\n<p><\/p>\n\n\n\n<p><\/p>\n\n\n\n<h3 class=\"wp-block-heading\"><br>Hva b\u00f8r en fraktpolicy inneholde?<br><p data-start=\"1157\" data-end=\"1197\" class=\"\"><\/p><p data-start=\"1321\" data-end=\"1412\" class=\"\"><\/p><p data-start=\"1052\" data-end=\"1109\" class=\"\"><\/p><p data-start=\"1142\" data-end=\"1255\" class=\"\"><\/p><\/h3>\n\n\n\n<h4 class=\"wp-block-heading\">1. Leveringsomr\u00e5der<\/h4>\n\n\n\n<p>Hvor leverer dere? Gjelder de samme betingelsene for Sverige, Norden, EU og resten av verden?<\/p>\n\n\n\n<blockquote class=\"wp-block-quote is-layout-flow wp-block-quote-is-layout-flow\">\n<p>Eksempel: \u201dVi leverer til hele Sverige samt utvalgte markeder innenfor EU.\u201d<\/p>\n<\/blockquote>\n\n\n\n<h4 class=\"wp-block-heading\">2. Leveringstider<\/h4>\n\n\n\n<p>Hvor lang er leveringstiden per fraktmetode og destinasjon? Hvilke dager skjer levering?<\/p>\n\n\n\n<blockquote class=\"wp-block-quote is-layout-flow wp-block-quote-is-layout-flow\">\n<p>Eksempel: \u201dStandardlevering innen Sverige skjer normalt innen 2\u20134 virkedager.\u201d<\/p>\n<\/blockquote>\n\n\n\n<h4 class=\"wp-block-heading\">3. Fraktkostnader<\/h4>\n\n\n\n<p>Hva koster de ulike fraktalternativene? Tilbyr dere gratis frakt over en viss ordreverdi? Gjelder ulike prisniv\u00e5er for bedrifter og privatpersoner?<\/p>\n\n\n\n<blockquote class=\"wp-block-quote is-layout-flow wp-block-quote-is-layout-flow\">\n<p>Eksempel: \u201dGratis frakt innen Sverige p\u00e5 bestillinger over 1000 kr.\u201d<\/p>\n<\/blockquote>\n\n\n\n<h4 class=\"wp-block-heading\">4. Leveringsm\u00e5ter og transport\u00f8rer<\/h4>\n\n\n\n<p>Hvilke fraktmetoder tilbyr dere \u2013 for eksempel postombud, hjemlevering, ekspress? Hvilke transport\u00f8rer bruker dere?<\/p>\n\n\n\n<blockquote class=\"wp-block-quote is-layout-flow wp-block-quote-is-layout-flow\">\n<p>Eksempel: \u201dVi samarbeider med PostNord, DHL og Schenker for v\u00e5re leveranser.\u201d<\/p>\n<\/blockquote>\n\n\n\n<h4 class=\"wp-block-heading\">5. Sporing og varsling<\/h4>\n\n\n\n<p>F\u00e5r kunden sporingslenke? Sendes varsel via SMS eller e-post?<\/p>\n\n\n\n<p><em>Eksempel: \u201dAlle forsendelser kan spores, og du vil motta en SMS eller e-post n\u00e5r pakken forlater v\u00e5rt lager.\u201d<\/em><\/p>\n\n\n\n<h4 class=\"wp-block-heading\">6. Leveranseproblemer<\/h4>\n\n\n\n<p>Hva skjer ved forsinkelser eller manglende levering? Hvordan kontakter man kundest\u00f8tte?<\/p>\n\n\n\n<blockquote class=\"wp-block-quote is-layout-flow wp-block-quote-is-layout-flow\">\n<p>Eksempel: \u201dVed leveringsproblemer kontakter du oss p\u00e5 support@dittfirma.no med ditt ordrenummer.\u201d<\/p>\n<\/blockquote>\n\n\n\n<h4 class=\"wp-block-heading\">7. Returer og ikke-hentede pakker<\/h4>\n\n\n\n<p>Hva gjelder angrepsrett, returfrakt og refusjon? Tar dere betalt for uavhentede pakker?<\/p>\n\n\n\n<blockquote class=\"wp-block-quote is-layout-flow wp-block-quote-is-layout-flow\">\n<p>Eksempel: \u201dIkke-hentede forsendelser belastes med 200 kr for \u00e5 dekke v\u00e5re kostnader.\u201d<\/p>\n<\/blockquote>\n\n\n\n<h4 class=\"wp-block-heading\">8. Vilk\u00e5r spesifikke for bedriftskunder (ved B2B)<\/h4>\n\n\n\n<p>Gjelder andre ledtider, transport\u00f8rer eller betalingsbetingelser for bedriftskunder? Tilbyr dere fast leveringsdag eller logistikkpartnerintegrasjon?<\/p>\n\n\n\n<blockquote class=\"wp-block-quote is-layout-flow wp-block-quote-is-layout-flow\">\n<p>For bedriftskunder tilbyr vi faste leveringsdager og samlede ukesleveranser etter avtale.\u201d<\/p>\n<\/blockquote>\n\n\n\n<h3 class=\"wp-block-heading\"><br>Slik kommuniserer du fraktpolicyen p\u00e5 riktig m\u00e5te<br><\/h3>\n\n\n\n<p>\u00c5 ha en fraktpolicy er ikke nok \u2013 den m\u00e5 ogs\u00e5 v\u00e6re synlig der den har st\u00f8rst betydning:<\/p>\n\n\n\n<ul class=\"wp-block-list\">\n<li>P\u00e5 produktsiden (kort versjon eller fraktikon)<\/li>\n\n\n\n<li>I kassen (fraktalternativer + lenker til vilk\u00e5r)<\/li>\n\n\n\n<li>I ordrebekreftelsen (sammendrag + sporingsinformasjon)<\/li>\n\n\n\n<li>I FAQ eller vilk\u00e5rssider (fullstendig versjon)<\/li>\n<\/ul>\n\n\n\n<p>Bruk en <strong>klart, ikke-juridisk spr\u00e5k<\/strong>. Det skal f\u00f8les trygt \u2013 ikke forvirrende.<\/p>\n\n\n\n<p><\/p>\n\n\n\n<h2 class=\"wp-block-heading\"><br>Sjekkliste \u2013 slik lager du en fraktpolicy<\/h2>\n\n\n\n<ul class=\"wp-block-list\">\n<li>Tydelige leveringsomr\u00e5der<\/li>\n\n\n\n<li>Leveringstider per fraktmetode<\/li>\n\n\n\n<li>Fraktkostnader (inkl. terskel for fri frakt)<\/li>\n\n\n\n<li>Fraktalternativer og transport\u00f8rer<\/li>\n\n\n\n<li>Sp\u00e5ring og varsling<\/li>\n\n\n\n<li>Rutiner for problemer og returer<\/li>\n\n\n\n<li>Eventuelle B2B-spesifikke vilk\u00e5r<\/li>\n\n\n\n<li>Enkel kommunikasjon og synlighet<\/li>\n<\/ul>\n\n\n\n<p><br>\u00d8nsker du hjelp til \u00e5 omsette fraktpolicyen din til faktiske forsendelser, <a href=\"https:\/\/zendr.se\/no\/demo\/\">Bestill en demo og f\u00e5 svar p\u00e5 dine sp\u00f8rsm\u00e5l.<\/a><\/p>","protected":false},"excerpt":{"rendered":"<p>Frakt er en forretningskritisk del av kundeopplevelsen \u2013 men ogs\u00e5 en av de vanligste \u00e5rsakene til misforst\u00e5elser, forsinkelser og supporthenvendelser. En tydelig og transparent fraktpolicy hjelper deg med \u00e5 sette forventninger, skape struktur internt og minimere friksjon i kundereisen.<\/p>","protected":false},"author":1,"featured_media":7195,"comment_status":"closed","ping_status":"closed","sticky":false,"template":"","format":"standard","meta":{"_acf_changed":false,"footnotes":""},"categories":[23],"tags":[27],"class_list":["post-4600","post","type-post","status-publish","format-standard","has-post-thumbnail","hentry","category-blogg","tag-smart-frakt-b2b"],"acf":[],"yoast_head":"<!-- This site is optimized with the Yoast SEO plugin v27.5 - https:\/\/yoast.com\/product\/yoast-seo-wordpress\/ -->\n<title>S\u00e5 skapar du en tydlig fraktpolicy f\u00f6r ditt f\u00f6retag | Zendr<\/title>\n<meta name=\"description\" content=\"En tydlig fraktpolicy minskar missf\u00f6rst\u00e5nd och st\u00e4rker kundupplevelsen. L\u00e4r dig vad som b\u00f6r ing\u00e5 och hur du kommunicerar den p\u00e5 r\u00e4tt s\u00e4tt.\" \/>\n<meta name=\"robots\" content=\"index, follow, max-snippet:-1, max-image-preview:large, max-video-preview:-1\" \/>\n<link rel=\"canonical\" href=\"https:\/\/zendr.se\/no\/blogg\/fraktpolicy-foretag\/\" \/>\n<meta property=\"og:locale\" content=\"nb_NO\" \/>\n<meta property=\"og:type\" content=\"article\" \/>\n<meta property=\"og:title\" content=\"S\u00e5 skapar du en tydlig fraktpolicy f\u00f6r ditt f\u00f6retag | Zendr\" \/>\n<meta property=\"og:description\" content=\"En tydlig fraktpolicy minskar missf\u00f6rst\u00e5nd och st\u00e4rker kundupplevelsen. L\u00e4r dig vad som b\u00f6r ing\u00e5 och hur du kommunicerar den p\u00e5 r\u00e4tt s\u00e4tt.\" \/>\n<meta property=\"og:url\" content=\"https:\/\/zendr.se\/no\/blogg\/fraktpolicy-foretag\/\" \/>\n<meta property=\"og:site_name\" content=\"Zendr - F\u00f6renkla din f\u00f6retagsfrakt\" \/>\n<meta property=\"article:published_time\" content=\"2025-05-15T06:59:45+00:00\" \/>\n<meta property=\"article:modified_time\" content=\"2025-09-12T06:36:59+00:00\" \/>\n<meta property=\"og:image\" content=\"https:\/\/zendr.se\/wp-content\/uploads\/2025\/09\/Warehouse-parcels.webp\" \/>\n\t<meta property=\"og:image:width\" content=\"960\" \/>\n\t<meta property=\"og:image:height\" content=\"540\" \/>\n\t<meta property=\"og:image:type\" content=\"image\/webp\" \/>\n<meta name=\"author\" content=\"user\" \/>\n<meta name=\"twitter:card\" content=\"summary_large_image\" \/>\n<meta name=\"twitter:label1\" content=\"Skrevet av\" \/>\n\t<meta name=\"twitter:data1\" content=\"user\" \/>\n\t<meta name=\"twitter:label2\" content=\"Ansl. lesetid\" \/>\n\t<meta name=\"twitter:data2\" content=\"2 minutter\" \/>\n<script type=\"application\/ld+json\" class=\"yoast-schema-graph\">{\"@context\":\"https:\\\/\\\/schema.org\",\"@graph\":[{\"@type\":\"Article\",\"@id\":\"https:\\\/\\\/zendr.se\\\/no\\\/blogg\\\/fraktpolicy-foretag\\\/#article\",\"isPartOf\":{\"@id\":\"https:\\\/\\\/zendr.se\\\/no\\\/blogg\\\/fraktpolicy-foretag\\\/\"},\"author\":{\"name\":\"user\",\"@id\":\"https:\\\/\\\/zendr.se\\\/#\\\/schema\\\/person\\\/a9a8ce744083e838e9874886bb6beb53\"},\"headline\":\"S\u00e5 skapar du en tydlig fraktpolicy f\u00f6r ditt f\u00f6retag\",\"datePublished\":\"2025-05-15T06:59:45+00:00\",\"dateModified\":\"2025-09-12T06:36:59+00:00\",\"mainEntityOfPage\":{\"@id\":\"https:\\\/\\\/zendr.se\\\/no\\\/blogg\\\/fraktpolicy-foretag\\\/\"},\"wordCount\":526,\"publisher\":{\"@id\":\"https:\\\/\\\/zendr.se\\\/#organization\"},\"image\":{\"@id\":\"https:\\\/\\\/zendr.se\\\/no\\\/blogg\\\/fraktpolicy-foretag\\\/#primaryimage\"},\"thumbnailUrl\":\"https:\\\/\\\/zendr.se\\\/wp-content\\\/uploads\\\/2025\\\/09\\\/Warehouse-parcels.webp\",\"keywords\":[\"Smart frakt B2B\"],\"articleSection\":[\"Blogg\"],\"inLanguage\":\"nb-NO\"},{\"@type\":\"WebPage\",\"@id\":\"https:\\\/\\\/zendr.se\\\/no\\\/blogg\\\/fraktpolicy-foretag\\\/\",\"url\":\"https:\\\/\\\/zendr.se\\\/no\\\/blogg\\\/fraktpolicy-foretag\\\/\",\"name\":\"S\u00e5 skapar du en tydlig fraktpolicy f\u00f6r ditt f\u00f6retag | Zendr\",\"isPartOf\":{\"@id\":\"https:\\\/\\\/zendr.se\\\/#website\"},\"primaryImageOfPage\":{\"@id\":\"https:\\\/\\\/zendr.se\\\/no\\\/blogg\\\/fraktpolicy-foretag\\\/#primaryimage\"},\"image\":{\"@id\":\"https:\\\/\\\/zendr.se\\\/no\\\/blogg\\\/fraktpolicy-foretag\\\/#primaryimage\"},\"thumbnailUrl\":\"https:\\\/\\\/zendr.se\\\/wp-content\\\/uploads\\\/2025\\\/09\\\/Warehouse-parcels.webp\",\"datePublished\":\"2025-05-15T06:59:45+00:00\",\"dateModified\":\"2025-09-12T06:36:59+00:00\",\"description\":\"En tydlig fraktpolicy minskar missf\u00f6rst\u00e5nd och st\u00e4rker kundupplevelsen. L\u00e4r dig vad som b\u00f6r ing\u00e5 och hur du kommunicerar den p\u00e5 r\u00e4tt s\u00e4tt.\",\"breadcrumb\":{\"@id\":\"https:\\\/\\\/zendr.se\\\/no\\\/blogg\\\/fraktpolicy-foretag\\\/#breadcrumb\"},\"inLanguage\":\"nb-NO\",\"potentialAction\":[{\"@type\":\"ReadAction\",\"target\":[\"https:\\\/\\\/zendr.se\\\/no\\\/blogg\\\/fraktpolicy-foretag\\\/\"]}]},{\"@type\":\"ImageObject\",\"inLanguage\":\"nb-NO\",\"@id\":\"https:\\\/\\\/zendr.se\\\/no\\\/blogg\\\/fraktpolicy-foretag\\\/#primaryimage\",\"url\":\"https:\\\/\\\/zendr.se\\\/wp-content\\\/uploads\\\/2025\\\/09\\\/Warehouse-parcels.webp\",\"contentUrl\":\"https:\\\/\\\/zendr.se\\\/wp-content\\\/uploads\\\/2025\\\/09\\\/Warehouse-parcels.webp\",\"width\":960,\"height\":540},{\"@type\":\"BreadcrumbList\",\"@id\":\"https:\\\/\\\/zendr.se\\\/no\\\/blogg\\\/fraktpolicy-foretag\\\/#breadcrumb\",\"itemListElement\":[{\"@type\":\"ListItem\",\"position\":1,\"name\":\"Home\",\"item\":\"https:\\\/\\\/zendr.se\\\/\"},{\"@type\":\"ListItem\",\"position\":2,\"name\":\"S\u00e5 skapar du en tydlig fraktpolicy f\u00f6r ditt f\u00f6retag\"}]},{\"@type\":\"WebSite\",\"@id\":\"https:\\\/\\\/zendr.se\\\/#website\",\"url\":\"https:\\\/\\\/zendr.se\\\/\",\"name\":\"zendr.se\",\"description\":\"Vi f\u00f6renklar frakt\",\"publisher\":{\"@id\":\"https:\\\/\\\/zendr.se\\\/#organization\"},\"potentialAction\":[{\"@type\":\"SearchAction\",\"target\":{\"@type\":\"EntryPoint\",\"urlTemplate\":\"https:\\\/\\\/zendr.se\\\/?s={search_term_string}\"},\"query-input\":{\"@type\":\"PropertyValueSpecification\",\"valueRequired\":true,\"valueName\":\"search_term_string\"}}],\"inLanguage\":\"nb-NO\"},{\"@type\":\"Organization\",\"@id\":\"https:\\\/\\\/zendr.se\\\/#organization\",\"name\":\"Zendr\",\"url\":\"https:\\\/\\\/zendr.se\\\/\",\"logo\":{\"@type\":\"ImageObject\",\"inLanguage\":\"nb-NO\",\"@id\":\"https:\\\/\\\/zendr.se\\\/#\\\/schema\\\/logo\\\/image\\\/\",\"url\":\"https:\\\/\\\/zendr.se\\\/wp-content\\\/uploads\\\/2025\\\/04\\\/cropped-cropped-Zendr-logo-2.png\",\"contentUrl\":\"https:\\\/\\\/zendr.se\\\/wp-content\\\/uploads\\\/2025\\\/04\\\/cropped-cropped-Zendr-logo-2.png\",\"width\":512,\"height\":119,\"caption\":\"Zendr\"},\"image\":{\"@id\":\"https:\\\/\\\/zendr.se\\\/#\\\/schema\\\/logo\\\/image\\\/\"}},{\"@type\":\"Person\",\"@id\":\"https:\\\/\\\/zendr.se\\\/#\\\/schema\\\/person\\\/a9a8ce744083e838e9874886bb6beb53\",\"name\":\"user\",\"image\":{\"@type\":\"ImageObject\",\"inLanguage\":\"nb-NO\",\"@id\":\"https:\\\/\\\/secure.gravatar.com\\\/avatar\\\/b4c9a289323b21a01c3e940f150eb9b8c542587f1abfd8f0e1cc1ffc5e475514?s=96&d=mm&r=g\",\"url\":\"https:\\\/\\\/secure.gravatar.com\\\/avatar\\\/b4c9a289323b21a01c3e940f150eb9b8c542587f1abfd8f0e1cc1ffc5e475514?s=96&d=mm&r=g\",\"contentUrl\":\"https:\\\/\\\/secure.gravatar.com\\\/avatar\\\/b4c9a289323b21a01c3e940f150eb9b8c542587f1abfd8f0e1cc1ffc5e475514?s=96&d=mm&r=g\",\"caption\":\"user\"},\"sameAs\":[\"http:\\\/\\\/127.0.0.1\"],\"url\":\"https:\\\/\\\/zendr.se\\\/no\\\/blogg\\\/author\\\/user\\\/\"}]}<\/script>\n<!-- \/ Yoast SEO plugin. -->","yoast_head_json":{"title":"S\u00e5 skapar du en tydlig fraktpolicy f\u00f6r ditt f\u00f6retag | Zendr","description":"En tydlig fraktpolicy minskar missf\u00f6rst\u00e5nd och st\u00e4rker kundupplevelsen. L\u00e4r dig vad som b\u00f6r ing\u00e5 och hur du kommunicerar den p\u00e5 r\u00e4tt s\u00e4tt.","robots":{"index":"index","follow":"follow","max-snippet":"max-snippet:-1","max-image-preview":"max-image-preview:large","max-video-preview":"max-video-preview:-1"},"canonical":"https:\/\/zendr.se\/no\/blogg\/fraktpolicy-foretag\/","og_locale":"nb_NO","og_type":"article","og_title":"S\u00e5 skapar du en tydlig fraktpolicy f\u00f6r ditt f\u00f6retag | Zendr","og_description":"En tydlig fraktpolicy minskar missf\u00f6rst\u00e5nd och st\u00e4rker kundupplevelsen. L\u00e4r dig vad som b\u00f6r ing\u00e5 och hur du kommunicerar den p\u00e5 r\u00e4tt s\u00e4tt.","og_url":"https:\/\/zendr.se\/no\/blogg\/fraktpolicy-foretag\/","og_site_name":"Zendr - F\u00f6renkla din f\u00f6retagsfrakt","article_published_time":"2025-05-15T06:59:45+00:00","article_modified_time":"2025-09-12T06:36:59+00:00","og_image":[{"width":960,"height":540,"url":"https:\/\/zendr.se\/wp-content\/uploads\/2025\/09\/Warehouse-parcels.webp","type":"image\/webp"}],"author":"user","twitter_card":"summary_large_image","twitter_misc":{"Skrevet av":"user","Ansl. lesetid":"2 minutter"},"schema":{"@context":"https:\/\/schema.org","@graph":[{"@type":"Article","@id":"https:\/\/zendr.se\/no\/blogg\/fraktpolicy-foretag\/#article","isPartOf":{"@id":"https:\/\/zendr.se\/no\/blogg\/fraktpolicy-foretag\/"},"author":{"name":"user","@id":"https:\/\/zendr.se\/#\/schema\/person\/a9a8ce744083e838e9874886bb6beb53"},"headline":"S\u00e5 skapar du en tydlig fraktpolicy f\u00f6r ditt f\u00f6retag","datePublished":"2025-05-15T06:59:45+00:00","dateModified":"2025-09-12T06:36:59+00:00","mainEntityOfPage":{"@id":"https:\/\/zendr.se\/no\/blogg\/fraktpolicy-foretag\/"},"wordCount":526,"publisher":{"@id":"https:\/\/zendr.se\/#organization"},"image":{"@id":"https:\/\/zendr.se\/no\/blogg\/fraktpolicy-foretag\/#primaryimage"},"thumbnailUrl":"https:\/\/zendr.se\/wp-content\/uploads\/2025\/09\/Warehouse-parcels.webp","keywords":["Smart frakt B2B"],"articleSection":["Blogg"],"inLanguage":"nb-NO"},{"@type":"WebPage","@id":"https:\/\/zendr.se\/no\/blogg\/fraktpolicy-foretag\/","url":"https:\/\/zendr.se\/no\/blogg\/fraktpolicy-foretag\/","name":"S\u00e5 skapar du en tydlig fraktpolicy f\u00f6r ditt f\u00f6retag | Zendr","isPartOf":{"@id":"https:\/\/zendr.se\/#website"},"primaryImageOfPage":{"@id":"https:\/\/zendr.se\/no\/blogg\/fraktpolicy-foretag\/#primaryimage"},"image":{"@id":"https:\/\/zendr.se\/no\/blogg\/fraktpolicy-foretag\/#primaryimage"},"thumbnailUrl":"https:\/\/zendr.se\/wp-content\/uploads\/2025\/09\/Warehouse-parcels.webp","datePublished":"2025-05-15T06:59:45+00:00","dateModified":"2025-09-12T06:36:59+00:00","description":"En tydlig fraktpolicy minskar missf\u00f6rst\u00e5nd och st\u00e4rker kundupplevelsen. L\u00e4r dig vad som b\u00f6r ing\u00e5 och hur du kommunicerar den p\u00e5 r\u00e4tt s\u00e4tt.","breadcrumb":{"@id":"https:\/\/zendr.se\/no\/blogg\/fraktpolicy-foretag\/#breadcrumb"},"inLanguage":"nb-NO","potentialAction":[{"@type":"ReadAction","target":["https:\/\/zendr.se\/no\/blogg\/fraktpolicy-foretag\/"]}]},{"@type":"ImageObject","inLanguage":"nb-NO","@id":"https:\/\/zendr.se\/no\/blogg\/fraktpolicy-foretag\/#primaryimage","url":"https:\/\/zendr.se\/wp-content\/uploads\/2025\/09\/Warehouse-parcels.webp","contentUrl":"https:\/\/zendr.se\/wp-content\/uploads\/2025\/09\/Warehouse-parcels.webp","width":960,"height":540},{"@type":"BreadcrumbList","@id":"https:\/\/zendr.se\/no\/blogg\/fraktpolicy-foretag\/#breadcrumb","itemListElement":[{"@type":"ListItem","position":1,"name":"Home","item":"https:\/\/zendr.se\/"},{"@type":"ListItem","position":2,"name":"S\u00e5 skapar du en tydlig fraktpolicy f\u00f6r ditt f\u00f6retag"}]},{"@type":"WebSite","@id":"https:\/\/zendr.se\/#website","url":"https:\/\/zendr.se\/","name":"zendr.se","description":"Vi forenkler frakt","publisher":{"@id":"https:\/\/zendr.se\/#organization"},"potentialAction":[{"@type":"SearchAction","target":{"@type":"EntryPoint","urlTemplate":"https:\/\/zendr.se\/?s={search_term_string}"},"query-input":{"@type":"PropertyValueSpecification","valueRequired":true,"valueName":"search_term_string"}}],"inLanguage":"nb-NO"},{"@type":"Organization","@id":"https:\/\/zendr.se\/#organization","name":"Zendr","url":"https:\/\/zendr.se\/","logo":{"@type":"ImageObject","inLanguage":"nb-NO","@id":"https:\/\/zendr.se\/#\/schema\/logo\/image\/","url":"https:\/\/zendr.se\/wp-content\/uploads\/2025\/04\/cropped-cropped-Zendr-logo-2.png","contentUrl":"https:\/\/zendr.se\/wp-content\/uploads\/2025\/04\/cropped-cropped-Zendr-logo-2.png","width":512,"height":119,"caption":"Zendr"},"image":{"@id":"https:\/\/zendr.se\/#\/schema\/logo\/image\/"}},{"@type":"Person","@id":"https:\/\/zendr.se\/#\/schema\/person\/a9a8ce744083e838e9874886bb6beb53","name":"bruker","image":{"@type":"ImageObject","inLanguage":"nb-NO","@id":"https:\/\/secure.gravatar.com\/avatar\/b4c9a289323b21a01c3e940f150eb9b8c542587f1abfd8f0e1cc1ffc5e475514?s=96&d=mm&r=g","url":"https:\/\/secure.gravatar.com\/avatar\/b4c9a289323b21a01c3e940f150eb9b8c542587f1abfd8f0e1cc1ffc5e475514?s=96&d=mm&r=g","contentUrl":"https:\/\/secure.gravatar.com\/avatar\/b4c9a289323b21a01c3e940f150eb9b8c542587f1abfd8f0e1cc1ffc5e475514?s=96&d=mm&r=g","caption":"user"},"sameAs":["http:\/\/127.0.0.1"],"url":"https:\/\/zendr.se\/no\/blogg\/author\/user\/"}]}},"jetpack_featured_media_url":"https:\/\/zendr.se\/wp-content\/uploads\/2025\/09\/Warehouse-parcels.webp","_links":{"self":[{"href":"https:\/\/zendr.se\/no\/wp-json\/wp\/v2\/posts\/4600","targetHints":{"allow":["GET"]}}],"collection":[{"href":"https:\/\/zendr.se\/no\/wp-json\/wp\/v2\/posts"}],"about":[{"href":"https:\/\/zendr.se\/no\/wp-json\/wp\/v2\/types\/post"}],"author":[{"embeddable":true,"href":"https:\/\/zendr.se\/no\/wp-json\/wp\/v2\/users\/1"}],"replies":[{"embeddable":true,"href":"https:\/\/zendr.se\/no\/wp-json\/wp\/v2\/comments?post=4600"}],"version-history":[{"count":11,"href":"https:\/\/zendr.se\/no\/wp-json\/wp\/v2\/posts\/4600\/revisions"}],"predecessor-version":[{"id":7258,"href":"https:\/\/zendr.se\/no\/wp-json\/wp\/v2\/posts\/4600\/revisions\/7258"}],"wp:featuredmedia":[{"embeddable":true,"href":"https:\/\/zendr.se\/no\/wp-json\/wp\/v2\/media\/7195"}],"wp:attachment":[{"href":"https:\/\/zendr.se\/no\/wp-json\/wp\/v2\/media?parent=4600"}],"wp:term":[{"taxonomy":"category","embeddable":true,"href":"https:\/\/zendr.se\/no\/wp-json\/wp\/v2\/categories?post=4600"},{"taxonomy":"post_tag","embeddable":true,"href":"https:\/\/zendr.se\/no\/wp-json\/wp\/v2\/tags?post=4600"}],"curies":[{"name":"wp","href":"https:\/\/api.w.org\/{rel}","templated":true}]}}