{"id":7443,"date":"2025-09-18T15:51:00","date_gmt":"2025-09-18T13:51:00","guid":{"rendered":"https:\/\/zendr.se\/?p=7443"},"modified":"2025-10-22T16:13:12","modified_gmt":"2025-10-22T14:13:12","slug":"forbered-din-foretagsfrakt-infor-hostens-hogsasong","status":"publish","type":"post","link":"https:\/\/zendr.se\/no\/blogg\/forbered-din-foretagsfrakt-infor-hostens-hogsasong\/","title":{"rendered":"Forbered bedriftens frakt for h\u00f8stens h\u00f8ysesong"},"content":{"rendered":"<p><\/p>\n\n\n\n<h3 class=\"wp-block-heading\">H\u00f8ysesongens tre topper<\/h3>\n\n\n\n<div style=\"height:28px\" aria-hidden=\"true\" class=\"wp-block-spacer\"><\/div>\n\n\n\n<h4 class=\"wp-block-heading has-medium-font-size\">August \u2013 Oktober<\/h4>\n\n\n\n<p>Eksport til Europa, USA og Asia starter tidlig. Fraktstr\u00f8mmene fylles raskt opp, spesielt f\u00f8r den amerikanske h\u00f8ytiden og kinesisk nytt\u00e5r.<\/p>\n\n\n\n<div style=\"height:20px\" aria-hidden=\"true\" class=\"wp-block-spacer\"><\/div>\n\n\n\n<h4 class=\"wp-block-heading has-medium-font-size\">November<\/h4>\n\n\n\n<p>Black Week driver rekordvolumer i Sverige. Bare PostNord h\u00e5ndterte 1,2 millioner pakker p\u00e5 ett d\u00f8gn under 2024 \u2013 mer enn dobbelt mot en vanlig dag.<\/p>\n\n\n\n<div style=\"height:20px\" aria-hidden=\"true\" class=\"wp-block-spacer\"><\/div>\n\n\n\n<h4 class=\"wp-block-heading has-medium-font-size\">Desember \u2013 Januar<\/h4>\n\n\n\n<p>Juletravet inneb\u00e6rer maksimal kapasitet i veitransport, pakkenettverk og flyfrakt. Belastningen fortsetter inn i januar med leveranser f\u00f8r kinesisk nytt\u00e5r.<\/p>\n\n\n\n<p>Innenlandske pakkevolumer drives hovedsakelig av netthandel rundt Black Week og jul. Eksportvolumer p\u00e5virkes av global ettersp\u00f8rsel og handelspolitiske faktorer. Eksport til USA og Asia planlegges gjerne tidligere p\u00e5 h\u00f8sten, noe som sprer ut volumtoppene sammenlignet med den konsentrerte innenlandske og EU-toppen i november.<\/p>\n\n\n\n<div style=\"height:17px\" aria-hidden=\"true\" class=\"wp-block-spacer\"><\/div>\n\n\n\n<h3 class=\"wp-block-heading\">Slik rustar du logistikken din<\/h3>\n\n\n\n<ul class=\"wp-block-list\">\n<li><strong>Forskynne frakter <\/strong>\u2013 Planlegg forsendelsene dine s\u00e5 tidlig som mulig, spesielt for eksport til USA og Asia. Unng\u00e5 \u00e5 sende i h\u00f8ysesongene.<br><\/li>\n\n\n\n<li><strong>Velg ekspress for tidssensitive leveranser<\/strong> \u2013 Ekspressfrakt prioriteres i leveringsnettverk, noe som blir avgj\u00f8rende n\u00e5r ledetiden er viktig.<br><\/li>\n\n\n\n<li><strong>Spre risiko mellom fraktselskaper<\/strong> \u2013 Zendr hjelper deg med \u00e5 kombinere ulike transport\u00f8rer og transporttyper for \u00e5 optimalisere kostnader og redusere risiko.<br><\/li>\n\n\n\n<li><strong>S\u00f8rg for korrekt dokumentasjon <\/strong>\u2013 Zendrs plattform automatiserer tolldokumentasjon, inkludert HS-koder, varespesifikasjoner og handelsfakturaer. Det reduserer risikoen for stopp ved tollen.<br><\/li>\n\n\n\n<li><strong>Kommuniser med kundene dine <\/strong>\u2013 Sett tydelige tidsfrister for bestillinger og leveranser for \u00e5 unng\u00e5 overraskelser.<\/li>\n<\/ul>\n\n\n\n<h3 class=\"wp-block-heading\"><br>Zendr \u2013 din partner for tryggere firmap\u00e5frakt&nbsp;<\/h3>\n\n\n\n<p>Vi forenkler bedriftsfrakt for sm\u00e5 og mellomstore bedrifter. Gjennom v\u00e5r egenutviklede portal, dyp kompetanse innen frakt og personlig kundeservice hjelper vi deg \u00e5 navigere selv de mest utfordrende perioder. Vil du vite mer om hvordan vi kan hjelpe deg foran h\u00f8stens h\u00f8ysesong? <span style=\"text-decoration: underline;\"><a href=\"https:\/\/zendr.se\/no\/kontakt\/\">Kontakt oss \u2013 vi s\u00f8rger for at logistikken din er klar<\/a><\/span><\/p>\n\n\n\n<p><\/p>","protected":false},"excerpt":{"rendered":"<p>H\u00f8sten 2025 inneb\u00e6rer en intensiv fraktperiode med \u00f8kte volumer for innenlandske transporter i Sverige samt eksport til Europa, USA og Asia. Perioden preges av kapasitetsmangel, flaskehalser og h\u00f8ye krav til planlegging \u2013 spesielt for sm\u00e5 og mellomstore bedrifter.<\/p>\n<p>For \u00e5 unng\u00e5 forsinkelser og un\u00f8dvendige kostnader, kreves det god planlegging. Her oppsummerer vi hva som venter \u2013 og hvordan Zendr kan hjelpe deg med \u00e5 planlegge, booke og optimalisere din bedriftsfrakt.<\/p>","protected":false},"author":7,"featured_media":7186,"comment_status":"closed","ping_status":"closed","sticky":false,"template":"","format":"standard","meta":{"_acf_changed":false,"footnotes":""},"categories":[17],"tags":[27],"class_list":["post-7443","post","type-post","status-publish","format-standard","has-post-thumbnail","hentry","category-nyheter","tag-smart-frakt-b2b"],"acf":[],"yoast_head":"<!-- This site is optimized with the Yoast SEO plugin v27.5 - https:\/\/yoast.com\/product\/yoast-seo-wordpress\/ -->\n<title>F\u00f6rbered din f\u00f6retagsfrakt inf\u00f6r h\u00f6stens h\u00f6gs\u00e4song - Zendr - F\u00f6renkla din f\u00f6retagsfrakt<\/title>\n<meta name=\"robots\" content=\"index, follow, max-snippet:-1, max-image-preview:large, max-video-preview:-1\" \/>\n<link rel=\"canonical\" href=\"https:\/\/zendr.se\/no\/blogg\/forbered-din-foretagsfrakt-infor-hostens-hogsasong\/\" \/>\n<meta property=\"og:locale\" content=\"nb_NO\" \/>\n<meta property=\"og:type\" content=\"article\" \/>\n<meta property=\"og:title\" content=\"F\u00f6rbered din f\u00f6retagsfrakt inf\u00f6r h\u00f6stens h\u00f6gs\u00e4song - Zendr - F\u00f6renkla din f\u00f6retagsfrakt\" \/>\n<meta property=\"og:description\" content=\"H\u00f6sten 2025 inneb\u00e4r en intensiv fraktperiod med \u00f6kade volymer f\u00f6r inrikestransporter i Sverige samt export till Europa, USA och Asien. Perioden pr\u00e4glas av kapacitetsbrist, flaskhalsar och h\u00f6ga krav p\u00e5 planering \u2013 s\u00e4rskilt f\u00f6r sm\u00e5 och medelstora f\u00f6retag.  F\u00f6r att undvika f\u00f6rseningar och on\u00f6diga kostnader kr\u00e4vs framf\u00f6rh\u00e5llning. H\u00e4r sammanfattar vi vad som v\u00e4ntar \u2013 och hur Zendr kan hj\u00e4lpa dig att planera, boka och optimera din f\u00f6retagsfrakt.\" \/>\n<meta property=\"og:url\" content=\"https:\/\/zendr.se\/no\/blogg\/forbered-din-foretagsfrakt-infor-hostens-hogsasong\/\" \/>\n<meta property=\"og:site_name\" content=\"Zendr - F\u00f6renkla din f\u00f6retagsfrakt\" \/>\n<meta property=\"article:published_time\" content=\"2025-09-18T13:51:00+00:00\" \/>\n<meta property=\"article:modified_time\" content=\"2025-10-22T14:13:12+00:00\" \/>\n<meta property=\"og:image\" content=\"https:\/\/zendr.se\/wp-content\/uploads\/2025\/09\/Terminal-containers.webp\" \/>\n\t<meta property=\"og:image:width\" content=\"960\" \/>\n\t<meta property=\"og:image:height\" content=\"540\" \/>\n\t<meta property=\"og:image:type\" content=\"image\/webp\" \/>\n<meta name=\"author\" content=\"Johan Sund\" \/>\n<meta name=\"twitter:card\" content=\"summary_large_image\" \/>\n<meta name=\"twitter:label1\" content=\"Skrevet av\" \/>\n\t<meta name=\"twitter:data1\" content=\"Johan Sund\" \/>\n\t<meta name=\"twitter:label2\" content=\"Ansl. lesetid\" \/>\n\t<meta name=\"twitter:data2\" content=\"2 minutter\" \/>\n<script type=\"application\/ld+json\" class=\"yoast-schema-graph\">{\"@context\":\"https:\\\/\\\/schema.org\",\"@graph\":[{\"@type\":\"Article\",\"@id\":\"https:\\\/\\\/zendr.se\\\/blogg\\\/forbered-din-foretagsfrakt-infor-hostens-hogsasong\\\/#article\",\"isPartOf\":{\"@id\":\"https:\\\/\\\/zendr.se\\\/blogg\\\/forbered-din-foretagsfrakt-infor-hostens-hogsasong\\\/\"},\"author\":{\"name\":\"Johan Sund\",\"@id\":\"https:\\\/\\\/zendr.se\\\/#\\\/schema\\\/person\\\/52d168e57b87b24f47853b34d8d83cf1\"},\"headline\":\"F\u00f6rbered din f\u00f6retagsfrakt inf\u00f6r h\u00f6stens h\u00f6gs\u00e4song\",\"datePublished\":\"2025-09-18T13:51:00+00:00\",\"dateModified\":\"2025-10-22T14:13:12+00:00\",\"mainEntityOfPage\":{\"@id\":\"https:\\\/\\\/zendr.se\\\/blogg\\\/forbered-din-foretagsfrakt-infor-hostens-hogsasong\\\/\"},\"wordCount\":337,\"publisher\":{\"@id\":\"https:\\\/\\\/zendr.se\\\/#organization\"},\"image\":{\"@id\":\"https:\\\/\\\/zendr.se\\\/blogg\\\/forbered-din-foretagsfrakt-infor-hostens-hogsasong\\\/#primaryimage\"},\"thumbnailUrl\":\"https:\\\/\\\/zendr.se\\\/wp-content\\\/uploads\\\/2025\\\/09\\\/Terminal-containers.webp\",\"keywords\":[\"Smart frakt B2B\"],\"articleSection\":[\"Nyheter\"],\"inLanguage\":\"nb-NO\"},{\"@type\":\"WebPage\",\"@id\":\"https:\\\/\\\/zendr.se\\\/blogg\\\/forbered-din-foretagsfrakt-infor-hostens-hogsasong\\\/\",\"url\":\"https:\\\/\\\/zendr.se\\\/blogg\\\/forbered-din-foretagsfrakt-infor-hostens-hogsasong\\\/\",\"name\":\"F\u00f6rbered din f\u00f6retagsfrakt inf\u00f6r h\u00f6stens h\u00f6gs\u00e4song - Zendr - F\u00f6renkla din f\u00f6retagsfrakt\",\"isPartOf\":{\"@id\":\"https:\\\/\\\/zendr.se\\\/#website\"},\"primaryImageOfPage\":{\"@id\":\"https:\\\/\\\/zendr.se\\\/blogg\\\/forbered-din-foretagsfrakt-infor-hostens-hogsasong\\\/#primaryimage\"},\"image\":{\"@id\":\"https:\\\/\\\/zendr.se\\\/blogg\\\/forbered-din-foretagsfrakt-infor-hostens-hogsasong\\\/#primaryimage\"},\"thumbnailUrl\":\"https:\\\/\\\/zendr.se\\\/wp-content\\\/uploads\\\/2025\\\/09\\\/Terminal-containers.webp\",\"datePublished\":\"2025-09-18T13:51:00+00:00\",\"dateModified\":\"2025-10-22T14:13:12+00:00\",\"breadcrumb\":{\"@id\":\"https:\\\/\\\/zendr.se\\\/blogg\\\/forbered-din-foretagsfrakt-infor-hostens-hogsasong\\\/#breadcrumb\"},\"inLanguage\":\"nb-NO\",\"potentialAction\":[{\"@type\":\"ReadAction\",\"target\":[\"https:\\\/\\\/zendr.se\\\/blogg\\\/forbered-din-foretagsfrakt-infor-hostens-hogsasong\\\/\"]}]},{\"@type\":\"ImageObject\",\"inLanguage\":\"nb-NO\",\"@id\":\"https:\\\/\\\/zendr.se\\\/blogg\\\/forbered-din-foretagsfrakt-infor-hostens-hogsasong\\\/#primaryimage\",\"url\":\"https:\\\/\\\/zendr.se\\\/wp-content\\\/uploads\\\/2025\\\/09\\\/Terminal-containers.webp\",\"contentUrl\":\"https:\\\/\\\/zendr.se\\\/wp-content\\\/uploads\\\/2025\\\/09\\\/Terminal-containers.webp\",\"width\":960,\"height\":540},{\"@type\":\"BreadcrumbList\",\"@id\":\"https:\\\/\\\/zendr.se\\\/blogg\\\/forbered-din-foretagsfrakt-infor-hostens-hogsasong\\\/#breadcrumb\",\"itemListElement\":[{\"@type\":\"ListItem\",\"position\":1,\"name\":\"Home\",\"item\":\"https:\\\/\\\/zendr.se\\\/\"},{\"@type\":\"ListItem\",\"position\":2,\"name\":\"F\u00f6rbered din f\u00f6retagsfrakt inf\u00f6r h\u00f6stens h\u00f6gs\u00e4song\"}]},{\"@type\":\"WebSite\",\"@id\":\"https:\\\/\\\/zendr.se\\\/#website\",\"url\":\"https:\\\/\\\/zendr.se\\\/\",\"name\":\"zendr.se\",\"description\":\"Vi f\u00f6renklar frakt\",\"publisher\":{\"@id\":\"https:\\\/\\\/zendr.se\\\/#organization\"},\"potentialAction\":[{\"@type\":\"SearchAction\",\"target\":{\"@type\":\"EntryPoint\",\"urlTemplate\":\"https:\\\/\\\/zendr.se\\\/?s={search_term_string}\"},\"query-input\":{\"@type\":\"PropertyValueSpecification\",\"valueRequired\":true,\"valueName\":\"search_term_string\"}}],\"inLanguage\":\"nb-NO\"},{\"@type\":\"Organization\",\"@id\":\"https:\\\/\\\/zendr.se\\\/#organization\",\"name\":\"Zendr\",\"url\":\"https:\\\/\\\/zendr.se\\\/\",\"logo\":{\"@type\":\"ImageObject\",\"inLanguage\":\"nb-NO\",\"@id\":\"https:\\\/\\\/zendr.se\\\/#\\\/schema\\\/logo\\\/image\\\/\",\"url\":\"https:\\\/\\\/zendr.se\\\/wp-content\\\/uploads\\\/2025\\\/04\\\/cropped-cropped-Zendr-logo-2.png\",\"contentUrl\":\"https:\\\/\\\/zendr.se\\\/wp-content\\\/uploads\\\/2025\\\/04\\\/cropped-cropped-Zendr-logo-2.png\",\"width\":512,\"height\":119,\"caption\":\"Zendr\"},\"image\":{\"@id\":\"https:\\\/\\\/zendr.se\\\/#\\\/schema\\\/logo\\\/image\\\/\"}},{\"@type\":\"Person\",\"@id\":\"https:\\\/\\\/zendr.se\\\/#\\\/schema\\\/person\\\/52d168e57b87b24f47853b34d8d83cf1\",\"name\":\"Johan Sund\",\"image\":{\"@type\":\"ImageObject\",\"inLanguage\":\"nb-NO\",\"@id\":\"https:\\\/\\\/secure.gravatar.com\\\/avatar\\\/4f094b4306490266f25adfc3fa541c825fd855263a05b7711b5bb9ec9583ca8d?s=96&d=mm&r=g\",\"url\":\"https:\\\/\\\/secure.gravatar.com\\\/avatar\\\/4f094b4306490266f25adfc3fa541c825fd855263a05b7711b5bb9ec9583ca8d?s=96&d=mm&r=g\",\"contentUrl\":\"https:\\\/\\\/secure.gravatar.com\\\/avatar\\\/4f094b4306490266f25adfc3fa541c825fd855263a05b7711b5bb9ec9583ca8d?s=96&d=mm&r=g\",\"caption\":\"Johan Sund\"},\"url\":\"https:\\\/\\\/zendr.se\\\/no\\\/blogg\\\/author\\\/johan-sund-zendr\\\/\"}]}<\/script>\n<!-- \/ Yoast SEO plugin. -->","yoast_head_json":{"title":"Forbered bedriftens frakt for h\u00f8stens h\u00f8ysesong - Zendr - Forenkle bedriftens frakt","robots":{"index":"index","follow":"follow","max-snippet":"max-snippet:-1","max-image-preview":"max-image-preview:large","max-video-preview":"max-video-preview:-1"},"canonical":"https:\/\/zendr.se\/no\/blogg\/forbered-din-foretagsfrakt-infor-hostens-hogsasong\/","og_locale":"nb_NO","og_type":"article","og_title":"F\u00f6rbered din f\u00f6retagsfrakt inf\u00f6r h\u00f6stens h\u00f6gs\u00e4song - Zendr - F\u00f6renkla din f\u00f6retagsfrakt","og_description":"H\u00f6sten 2025 inneb\u00e4r en intensiv fraktperiod med \u00f6kade volymer f\u00f6r inrikestransporter i Sverige samt export till Europa, USA och Asien. Perioden pr\u00e4glas av kapacitetsbrist, flaskhalsar och h\u00f6ga krav p\u00e5 planering \u2013 s\u00e4rskilt f\u00f6r sm\u00e5 och medelstora f\u00f6retag.  F\u00f6r att undvika f\u00f6rseningar och on\u00f6diga kostnader kr\u00e4vs framf\u00f6rh\u00e5llning. H\u00e4r sammanfattar vi vad som v\u00e4ntar \u2013 och hur Zendr kan hj\u00e4lpa dig att planera, boka och optimera din f\u00f6retagsfrakt.","og_url":"https:\/\/zendr.se\/no\/blogg\/forbered-din-foretagsfrakt-infor-hostens-hogsasong\/","og_site_name":"Zendr - F\u00f6renkla din f\u00f6retagsfrakt","article_published_time":"2025-09-18T13:51:00+00:00","article_modified_time":"2025-10-22T14:13:12+00:00","og_image":[{"width":960,"height":540,"url":"https:\/\/zendr.se\/wp-content\/uploads\/2025\/09\/Terminal-containers.webp","type":"image\/webp"}],"author":"Johan Sund","twitter_card":"summary_large_image","twitter_misc":{"Skrevet av":"Johan Sund","Ansl. lesetid":"2 minutter"},"schema":{"@context":"https:\/\/schema.org","@graph":[{"@type":"Article","@id":"https:\/\/zendr.se\/blogg\/forbered-din-foretagsfrakt-infor-hostens-hogsasong\/#article","isPartOf":{"@id":"https:\/\/zendr.se\/blogg\/forbered-din-foretagsfrakt-infor-hostens-hogsasong\/"},"author":{"name":"Johan Sund","@id":"https:\/\/zendr.se\/#\/schema\/person\/52d168e57b87b24f47853b34d8d83cf1"},"headline":"F\u00f6rbered din f\u00f6retagsfrakt inf\u00f6r h\u00f6stens h\u00f6gs\u00e4song","datePublished":"2025-09-18T13:51:00+00:00","dateModified":"2025-10-22T14:13:12+00:00","mainEntityOfPage":{"@id":"https:\/\/zendr.se\/blogg\/forbered-din-foretagsfrakt-infor-hostens-hogsasong\/"},"wordCount":337,"publisher":{"@id":"https:\/\/zendr.se\/#organization"},"image":{"@id":"https:\/\/zendr.se\/blogg\/forbered-din-foretagsfrakt-infor-hostens-hogsasong\/#primaryimage"},"thumbnailUrl":"https:\/\/zendr.se\/wp-content\/uploads\/2025\/09\/Terminal-containers.webp","keywords":["Smart frakt B2B"],"articleSection":["Nyheter"],"inLanguage":"nb-NO"},{"@type":"WebPage","@id":"https:\/\/zendr.se\/blogg\/forbered-din-foretagsfrakt-infor-hostens-hogsasong\/","url":"https:\/\/zendr.se\/blogg\/forbered-din-foretagsfrakt-infor-hostens-hogsasong\/","name":"Forbered bedriftens frakt for h\u00f8stens h\u00f8ysesong - Zendr - Forenkle bedriftens frakt","isPartOf":{"@id":"https:\/\/zendr.se\/#website"},"primaryImageOfPage":{"@id":"https:\/\/zendr.se\/blogg\/forbered-din-foretagsfrakt-infor-hostens-hogsasong\/#primaryimage"},"image":{"@id":"https:\/\/zendr.se\/blogg\/forbered-din-foretagsfrakt-infor-hostens-hogsasong\/#primaryimage"},"thumbnailUrl":"https:\/\/zendr.se\/wp-content\/uploads\/2025\/09\/Terminal-containers.webp","datePublished":"2025-09-18T13:51:00+00:00","dateModified":"2025-10-22T14:13:12+00:00","breadcrumb":{"@id":"https:\/\/zendr.se\/blogg\/forbered-din-foretagsfrakt-infor-hostens-hogsasong\/#breadcrumb"},"inLanguage":"nb-NO","potentialAction":[{"@type":"ReadAction","target":["https:\/\/zendr.se\/blogg\/forbered-din-foretagsfrakt-infor-hostens-hogsasong\/"]}]},{"@type":"ImageObject","inLanguage":"nb-NO","@id":"https:\/\/zendr.se\/blogg\/forbered-din-foretagsfrakt-infor-hostens-hogsasong\/#primaryimage","url":"https:\/\/zendr.se\/wp-content\/uploads\/2025\/09\/Terminal-containers.webp","contentUrl":"https:\/\/zendr.se\/wp-content\/uploads\/2025\/09\/Terminal-containers.webp","width":960,"height":540},{"@type":"BreadcrumbList","@id":"https:\/\/zendr.se\/blogg\/forbered-din-foretagsfrakt-infor-hostens-hogsasong\/#breadcrumb","itemListElement":[{"@type":"ListItem","position":1,"name":"Home","item":"https:\/\/zendr.se\/"},{"@type":"ListItem","position":2,"name":"F\u00f6rbered din f\u00f6retagsfrakt inf\u00f6r h\u00f6stens h\u00f6gs\u00e4song"}]},{"@type":"WebSite","@id":"https:\/\/zendr.se\/#website","url":"https:\/\/zendr.se\/","name":"zendr.se","description":"Vi forenkler frakt","publisher":{"@id":"https:\/\/zendr.se\/#organization"},"potentialAction":[{"@type":"SearchAction","target":{"@type":"EntryPoint","urlTemplate":"https:\/\/zendr.se\/?s={search_term_string}"},"query-input":{"@type":"PropertyValueSpecification","valueRequired":true,"valueName":"search_term_string"}}],"inLanguage":"nb-NO"},{"@type":"Organization","@id":"https:\/\/zendr.se\/#organization","name":"Zendr","url":"https:\/\/zendr.se\/","logo":{"@type":"ImageObject","inLanguage":"nb-NO","@id":"https:\/\/zendr.se\/#\/schema\/logo\/image\/","url":"https:\/\/zendr.se\/wp-content\/uploads\/2025\/04\/cropped-cropped-Zendr-logo-2.png","contentUrl":"https:\/\/zendr.se\/wp-content\/uploads\/2025\/04\/cropped-cropped-Zendr-logo-2.png","width":512,"height":119,"caption":"Zendr"},"image":{"@id":"https:\/\/zendr.se\/#\/schema\/logo\/image\/"}},{"@type":"Person","@id":"https:\/\/zendr.se\/#\/schema\/person\/52d168e57b87b24f47853b34d8d83cf1","name":"Johan Sund","image":{"@type":"ImageObject","inLanguage":"nb-NO","@id":"https:\/\/secure.gravatar.com\/avatar\/4f094b4306490266f25adfc3fa541c825fd855263a05b7711b5bb9ec9583ca8d?s=96&d=mm&r=g","url":"https:\/\/secure.gravatar.com\/avatar\/4f094b4306490266f25adfc3fa541c825fd855263a05b7711b5bb9ec9583ca8d?s=96&d=mm&r=g","contentUrl":"https:\/\/secure.gravatar.com\/avatar\/4f094b4306490266f25adfc3fa541c825fd855263a05b7711b5bb9ec9583ca8d?s=96&d=mm&r=g","caption":"Johan Sund"},"url":"https:\/\/zendr.se\/no\/blogg\/author\/johan-sund-zendr\/"}]}},"jetpack_featured_media_url":"https:\/\/zendr.se\/wp-content\/uploads\/2025\/09\/Terminal-containers.webp","_links":{"self":[{"href":"https:\/\/zendr.se\/no\/wp-json\/wp\/v2\/posts\/7443","targetHints":{"allow":["GET"]}}],"collection":[{"href":"https:\/\/zendr.se\/no\/wp-json\/wp\/v2\/posts"}],"about":[{"href":"https:\/\/zendr.se\/no\/wp-json\/wp\/v2\/types\/post"}],"author":[{"embeddable":true,"href":"https:\/\/zendr.se\/no\/wp-json\/wp\/v2\/users\/7"}],"replies":[{"embeddable":true,"href":"https:\/\/zendr.se\/no\/wp-json\/wp\/v2\/comments?post=7443"}],"version-history":[{"count":40,"href":"https:\/\/zendr.se\/no\/wp-json\/wp\/v2\/posts\/7443\/revisions"}],"predecessor-version":[{"id":8080,"href":"https:\/\/zendr.se\/no\/wp-json\/wp\/v2\/posts\/7443\/revisions\/8080"}],"wp:featuredmedia":[{"embeddable":true,"href":"https:\/\/zendr.se\/no\/wp-json\/wp\/v2\/media\/7186"}],"wp:attachment":[{"href":"https:\/\/zendr.se\/no\/wp-json\/wp\/v2\/media?parent=7443"}],"wp:term":[{"taxonomy":"category","embeddable":true,"href":"https:\/\/zendr.se\/no\/wp-json\/wp\/v2\/categories?post=7443"},{"taxonomy":"post_tag","embeddable":true,"href":"https:\/\/zendr.se\/no\/wp-json\/wp\/v2\/tags?post=7443"}],"curies":[{"name":"wp","href":"https:\/\/api.w.org\/{rel}","templated":true}]}}