{"id":8278,"date":"2025-12-19T09:14:13","date_gmt":"2025-12-19T08:14:13","guid":{"rendered":"https:\/\/zendr.se\/?p=8278"},"modified":"2025-12-19T09:14:13","modified_gmt":"2025-12-19T08:14:13","slug":"nasta-ar-blir-det-annu-battre-frakt-med-zendr","status":"publish","type":"post","link":"https:\/\/zendr.se\/no\/blogg\/nasta-ar-blir-det-annu-battre-frakt-med-zendr\/","title":{"rendered":"Neste \u00e5r blir det enda bedre frakt med Zendr"},"content":{"rendered":"<h2 class=\"wp-block-heading\">\u00c5ret i korthet, mer ordning p\u00e5 frakten<\/h2>\n\n\n\n<p>I l\u00f8pet av \u00e5ret har vi fortsatt \u00e5 hjelpe svenske virksomheter med \u00e5 f\u00e5 bedre kontroll p\u00e5 sin frakth\u00e5ndtering. Flere har samlet forsendelsene sine i Zendr Portal og slipper \u00e5 hoppe mellom flere forskjellige fraktportaler. Dette gir et tydeligere helhetsbilde av b\u00e5de kostnader og leveringstider, og gj\u00f8r det enklere \u00e5 ta beslutninger basert p\u00e5 fakta i stedet for magef\u00f8lelse.<\/p>\n\n\n\n<p>V\u00e5re innkj\u00f8pte fraktavtaler har spart tid og energi for selskaper som ikke \u00f8nsker \u00e5 bruke timer p\u00e5 selv \u00e5 forhandle med transport\u00f8rer. Samtidig har v\u00e5rt supportteam v\u00e6rt der n\u00e5r det virkelig har gjaldt \u2013 fra akutte omdirigeringer til spesiall\u00f8sninger n\u00e5r standardalternativene ikke har strukket til.<\/p>\n\n\n\n<h2 class=\"wp-block-heading\">Bak kulissene p\u00e5 Zendr<\/h2>\n\n\n\n<p>Minst like mye har skjedd bak kulissene. Vi har \u00f8nsket nye kolleger velkommen til support og logistikk, noe som betyr flere personer som kan st\u00f8tte bedrifter i hverdagen n\u00e5r frakten m\u00e5 fungere smidig. Zendr Portal har blitt videreutviklet l\u00f8pende, basert p\u00e5 tilbakemeldinger vi f\u00e5r fra alle som bruker systemet daglig. F\u00f8r neste store oppdatering, som lanseres neste \u00e5r, \u00f8nsker vi gjerne enda mer innspill fra brukerne \u2013 hva fungerer bra, hva kan bli enklere, hva mangler?<\/p>\n\n\n\n<p>I l\u00f8pet av \u00e5ret har vi ogs\u00e5 feiret store og sm\u00e5 milep\u00e6ler sammen med kunder. En tilbakemelding vi har tatt med oss litt ekstra er: \u201cVi har endelig samlet frakten v\u00e5r p\u00e5 ett sted. Det sparer oss b\u00e5de tid og, ja, veldig mye hodepine.\u201d Det er nettopp den typen endring vi \u00f8nsker \u00e5 bidra til.<\/p>\n\n\n\n<figure class=\"wp-block-image size-large\"><img fetchpriority=\"high\" decoding=\"async\" width=\"1024\" height=\"574\" src=\"https:\/\/zendr.se\/wp-content\/uploads\/2025\/12\/zendre_truck_holiday-1024x574.jpg\" alt=\"\" class=\"wp-image-8285\" style=\"aspect-ratio:16\/9;object-fit:cover\" srcset=\"https:\/\/zendr.se\/wp-content\/uploads\/2025\/12\/zendre_truck_holiday-1024x574.jpg 1024w, https:\/\/zendr.se\/wp-content\/uploads\/2025\/12\/zendre_truck_holiday-300x168.jpg 300w, https:\/\/zendr.se\/wp-content\/uploads\/2025\/12\/zendre_truck_holiday-768x430.jpg 768w, https:\/\/zendr.se\/wp-content\/uploads\/2025\/12\/zendre_truck_holiday.jpg 1456w\" sizes=\"(max-width: 1024px) 100vw, 1024px\" \/><\/figure>\n\n\n\n<h2 class=\"wp-block-heading\">V\u00e5re fokusomr\u00e5der neste \u00e5r<\/h2>\n\n\n\n<p>For neste \u00e5r har vi tre tydelige fokusomr\u00e5der hvor vi ser at vi kan gj\u00f8re st\u00f8rst forskjell for bedrifter som \u00f8nsker \u00e5 f\u00e5 bedre kontroll p\u00e5 sin frakt.<\/p>\n\n\n\n<div class=\"wp-block-group is-layout-constrained wp-block-group-is-layout-constrained\">\n<p><strong>En enklere og bedre Zendr Portal<br><\/strong>Det f\u00f8rste fokusomr\u00e5det handler om \u00e5 gj\u00f8re Zendr Portal enda enklere og bedre, ved \u00e5 forenkle flyter og visninger og legge til funksjoner som gj\u00f8r bestilling og oppf\u00f8lging s\u00e5 rask og tydelig som mulig. Internt er vi p\u00e5 grensen til latterlig stolte over hvor bra den nye portalen er i ferd med \u00e5 bli \u2013 og vi tror at de som bruker den vil merke stor forskjell i hverdagen. Har du ideer om hva som ville gjort frakten enda smidigere, vil vi veldig gjerne h\u00f8re dem.<\/p>\n\n\n\n<p><strong>Mennesker, teknologi og nye muligheter<br><\/strong>Det andre fokusomr\u00e5det er \u00e5 fortsette \u00e5 investere i mennesker og teknologi. Vi vokser videre og skaper flere og bedre varianter og alternativer for frakt \u2013 b\u00e5de i selve portalen og i v\u00e5re tjenester rundt omkring. Et velbegrunnet rykte sier dessuten at Zendr vil kunne brukes fra flere steder enn bare Sverige fra og med neste \u00e5r.<\/p>\n\n\n\n<p><strong>Mer proaktiv r\u00e5dgivning om frakt<br><\/strong>Det tredje fokusomr\u00e5det er mer proaktiv r\u00e5dgivning. Vi \u00f8nsker \u00e5 v\u00e6re med allerede i planleggingen, ikke bare n\u00e5r transporten skal bestilles. Det kan handle om \u00e5 legge strategien f\u00f8r en h\u00f8ysesong, se p\u00e5 eksport til nye markeder eller se over hvordan transportkostnadene kan optimaliseres. V\u00e5r ambisjon er at flere skal kunne bruke logistikk som et verkt\u00f8y for vekst \u2013 ikke bare som en n\u00f8dvendig kostnad.<\/p>\n<\/div>\n\n\n\n<h2 class=\"wp-block-heading\">Vil du snakke frakt for neste \u00e5r?<\/h2>\n\n\n\n<p>Hvis du \u00f8nsker \u00e5 v\u00e6re med og p\u00e5virke den kommende oppdateringen av Zendr Portal, eller bare \u00f8nsker \u00e5 snakke om hvordan du kan f\u00e5 bedre kontroll p\u00e5 frakten inn mot neste \u00e5r, er du hjertelig velkommen til \u00e5 ta kontakt p\u00e5 <a href=\"mailto:kundservice@zendr.se\">kundservice@zendr.se<\/a> eller p\u00e5 telefon 08\u2013480 012 70.<\/p>\n\n\n\n<p>Uansett om du g\u00e5r inn i en periode med h\u00f8ysesong, ferie eller planlegging for neste \u00e5r, h\u00e5per vi at du f\u00e5r mulighet til \u00e5 lande litt \u2013 og f\u00f8le at frakten er under kontroll.<\/p>\n\n\n\n<div class=\"wp-block-group is-nowrap is-layout-flex wp-container-core-group-is-layout-6c531013 wp-block-group-is-layout-flex\">\n<figure class=\"wp-block-image size-full\"><img decoding=\"async\" width=\"100\" height=\"100\" src=\"https:\/\/zendr.se\/wp-content\/uploads\/2025\/12\/mail.png\" alt=\"\" class=\"wp-image-8283\"\/><\/figure>\n\n\n\n<p>Send e-post til kundeservice: <a href=\"mailto:kundservice@zendr.se\">kundservice@zendr.se<\/a><\/p>\n<\/div>\n\n\n\n<div class=\"wp-block-group is-nowrap is-layout-flex wp-container-core-group-is-layout-6c531013 wp-block-group-is-layout-flex\">\n<figure class=\"wp-block-image size-full\"><img decoding=\"async\" width=\"100\" height=\"100\" src=\"https:\/\/zendr.se\/wp-content\/uploads\/2025\/12\/phone.png\" alt=\"\" class=\"wp-image-8284\"\/><\/figure>\n\n\n\n<p>Ring kundeservice: 08\u2013480 012 70<\/p>\n<\/div>\n\n\n\n<p><strong><em>Vennlige hilsener om h\u00f8ytidsfred<\/em><br>Teamet p\u00e5 Zendr<\/strong><\/p>\n\n\n\n<p><\/p>","protected":false},"excerpt":{"rendered":"<p>N\u00e4r kalendern b\u00f6rjar fyllas av b\u00e5de avslut, planering och h\u00f6gtider vill vi ta en stund och summera \u00e5ret och ge en liten inblick i vad som h\u00e4nt och vad som v\u00e4ntar runt h\u00f6rnet hos Zendr.<\/p>\n<p>H\u00e4r f\u00e5r du en snabb bild av \u00e5ret som g\u00e5tt, n\u00e5gra glimtar bakom kulisserna och en f\u00f6rhandsblick p\u00e5 vad vi kommer att fokusera p\u00e5 n\u00e4sta \u00e5r f\u00f6r att g\u00f6ra frakt och logistik \u00e4nnu enklare f\u00f6r f\u00f6retag.<\/p>","protected":false},"author":13,"featured_media":8280,"comment_status":"closed","ping_status":"closed","sticky":false,"template":"","format":"standard","meta":{"_acf_changed":false,"footnotes":""},"categories":[1],"tags":[],"class_list":["post-8278","post","type-post","status-publish","format-standard","has-post-thumbnail","hentry","category-uncategorized"],"acf":[],"yoast_head":"<!-- This site is optimized with the Yoast SEO plugin v27.5 - https:\/\/yoast.com\/product\/yoast-seo-wordpress\/ -->\n<title>N\u00e4sta \u00e5r blir det\u00a0\u00e4nnu b\u00e4ttre\u00a0frakt med Zendr - Zendr - F\u00f6renkla din f\u00f6retagsfrakt<\/title>\n<meta name=\"robots\" content=\"index, follow, max-snippet:-1, max-image-preview:large, max-video-preview:-1\" \/>\n<link rel=\"canonical\" href=\"https:\/\/zendr.se\/no\/blogg\/nasta-ar-blir-det-annu-battre-frakt-med-zendr\/\" \/>\n<meta property=\"og:locale\" content=\"nb_NO\" \/>\n<meta property=\"og:type\" content=\"article\" \/>\n<meta property=\"og:title\" content=\"N\u00e4sta \u00e5r blir det\u00a0\u00e4nnu b\u00e4ttre\u00a0frakt med Zendr - Zendr - F\u00f6renkla din f\u00f6retagsfrakt\" \/>\n<meta property=\"og:description\" content=\"N\u00e4r kalendern b\u00f6rjar fyllas av b\u00e5de avslut, planering och h\u00f6gtider vill vi ta en stund och summera \u00e5ret och ge en liten inblick i vad som h\u00e4nt och vad som v\u00e4ntar runt h\u00f6rnet hos Zendr. H\u00e4r f\u00e5r du en snabb bild av \u00e5ret som g\u00e5tt, n\u00e5gra glimtar bakom kulisserna och en f\u00f6rhandsblick p\u00e5 vad vi kommer att fokusera p\u00e5 n\u00e4sta \u00e5r f\u00f6r att g\u00f6ra frakt och logistik \u00e4nnu enklare f\u00f6r f\u00f6retag.\" \/>\n<meta property=\"og:url\" content=\"https:\/\/zendr.se\/no\/blogg\/nasta-ar-blir-det-annu-battre-frakt-med-zendr\/\" \/>\n<meta property=\"og:site_name\" content=\"Zendr - F\u00f6renkla din f\u00f6retagsfrakt\" \/>\n<meta property=\"article:published_time\" content=\"2025-12-19T08:14:13+00:00\" \/>\n<meta property=\"og:image\" content=\"https:\/\/zendr.se\/wp-content\/uploads\/2025\/12\/julzendr.png\" \/>\n\t<meta property=\"og:image:width\" content=\"1456\" \/>\n\t<meta property=\"og:image:height\" content=\"816\" \/>\n\t<meta property=\"og:image:type\" content=\"image\/png\" \/>\n<meta name=\"author\" content=\"Jonas Ehne\" \/>\n<meta name=\"twitter:card\" content=\"summary_large_image\" \/>\n<meta name=\"twitter:label1\" content=\"Skrevet av\" \/>\n\t<meta name=\"twitter:data1\" content=\"Jonas Ehne\" \/>\n\t<meta name=\"twitter:label2\" content=\"Ansl. lesetid\" \/>\n\t<meta name=\"twitter:data2\" content=\"4 minutter\" \/>\n<script type=\"application\/ld+json\" class=\"yoast-schema-graph\">{\"@context\":\"https:\\\/\\\/schema.org\",\"@graph\":[{\"@type\":\"Article\",\"@id\":\"https:\\\/\\\/zendr.se\\\/blogg\\\/nasta-ar-blir-det-annu-battre-frakt-med-zendr\\\/#article\",\"isPartOf\":{\"@id\":\"https:\\\/\\\/zendr.se\\\/blogg\\\/nasta-ar-blir-det-annu-battre-frakt-med-zendr\\\/\"},\"author\":{\"name\":\"Jonas Ehne\",\"@id\":\"https:\\\/\\\/zendr.se\\\/#\\\/schema\\\/person\\\/22d6f32ddae5bd61273090aee4559c55\"},\"headline\":\"N\u00e4sta \u00e5r blir det\u00a0\u00e4nnu b\u00e4ttre\u00a0frakt med Zendr\",\"datePublished\":\"2025-12-19T08:14:13+00:00\",\"mainEntityOfPage\":{\"@id\":\"https:\\\/\\\/zendr.se\\\/blogg\\\/nasta-ar-blir-det-annu-battre-frakt-med-zendr\\\/\"},\"wordCount\":724,\"publisher\":{\"@id\":\"https:\\\/\\\/zendr.se\\\/#organization\"},\"image\":{\"@id\":\"https:\\\/\\\/zendr.se\\\/blogg\\\/nasta-ar-blir-det-annu-battre-frakt-med-zendr\\\/#primaryimage\"},\"thumbnailUrl\":\"https:\\\/\\\/zendr.se\\\/wp-content\\\/uploads\\\/2025\\\/12\\\/julzendr.png\",\"articleSection\":[\"Uncategorized\"],\"inLanguage\":\"nb-NO\"},{\"@type\":\"WebPage\",\"@id\":\"https:\\\/\\\/zendr.se\\\/blogg\\\/nasta-ar-blir-det-annu-battre-frakt-med-zendr\\\/\",\"url\":\"https:\\\/\\\/zendr.se\\\/blogg\\\/nasta-ar-blir-det-annu-battre-frakt-med-zendr\\\/\",\"name\":\"N\u00e4sta \u00e5r blir det\u00a0\u00e4nnu b\u00e4ttre\u00a0frakt med Zendr - Zendr - F\u00f6renkla din f\u00f6retagsfrakt\",\"isPartOf\":{\"@id\":\"https:\\\/\\\/zendr.se\\\/#website\"},\"primaryImageOfPage\":{\"@id\":\"https:\\\/\\\/zendr.se\\\/blogg\\\/nasta-ar-blir-det-annu-battre-frakt-med-zendr\\\/#primaryimage\"},\"image\":{\"@id\":\"https:\\\/\\\/zendr.se\\\/blogg\\\/nasta-ar-blir-det-annu-battre-frakt-med-zendr\\\/#primaryimage\"},\"thumbnailUrl\":\"https:\\\/\\\/zendr.se\\\/wp-content\\\/uploads\\\/2025\\\/12\\\/julzendr.png\",\"datePublished\":\"2025-12-19T08:14:13+00:00\",\"breadcrumb\":{\"@id\":\"https:\\\/\\\/zendr.se\\\/blogg\\\/nasta-ar-blir-det-annu-battre-frakt-med-zendr\\\/#breadcrumb\"},\"inLanguage\":\"nb-NO\",\"potentialAction\":[{\"@type\":\"ReadAction\",\"target\":[\"https:\\\/\\\/zendr.se\\\/blogg\\\/nasta-ar-blir-det-annu-battre-frakt-med-zendr\\\/\"]}]},{\"@type\":\"ImageObject\",\"inLanguage\":\"nb-NO\",\"@id\":\"https:\\\/\\\/zendr.se\\\/blogg\\\/nasta-ar-blir-det-annu-battre-frakt-med-zendr\\\/#primaryimage\",\"url\":\"https:\\\/\\\/zendr.se\\\/wp-content\\\/uploads\\\/2025\\\/12\\\/julzendr.png\",\"contentUrl\":\"https:\\\/\\\/zendr.se\\\/wp-content\\\/uploads\\\/2025\\\/12\\\/julzendr.png\",\"width\":1456,\"height\":816},{\"@type\":\"BreadcrumbList\",\"@id\":\"https:\\\/\\\/zendr.se\\\/blogg\\\/nasta-ar-blir-det-annu-battre-frakt-med-zendr\\\/#breadcrumb\",\"itemListElement\":[{\"@type\":\"ListItem\",\"position\":1,\"name\":\"Home\",\"item\":\"https:\\\/\\\/zendr.se\\\/\"},{\"@type\":\"ListItem\",\"position\":2,\"name\":\"N\u00e4sta \u00e5r blir det\u00a0\u00e4nnu b\u00e4ttre\u00a0frakt med Zendr\"}]},{\"@type\":\"WebSite\",\"@id\":\"https:\\\/\\\/zendr.se\\\/#website\",\"url\":\"https:\\\/\\\/zendr.se\\\/\",\"name\":\"zendr.se\",\"description\":\"Vi f\u00f6renklar frakt\",\"publisher\":{\"@id\":\"https:\\\/\\\/zendr.se\\\/#organization\"},\"potentialAction\":[{\"@type\":\"SearchAction\",\"target\":{\"@type\":\"EntryPoint\",\"urlTemplate\":\"https:\\\/\\\/zendr.se\\\/?s={search_term_string}\"},\"query-input\":{\"@type\":\"PropertyValueSpecification\",\"valueRequired\":true,\"valueName\":\"search_term_string\"}}],\"inLanguage\":\"nb-NO\"},{\"@type\":\"Organization\",\"@id\":\"https:\\\/\\\/zendr.se\\\/#organization\",\"name\":\"Zendr\",\"url\":\"https:\\\/\\\/zendr.se\\\/\",\"logo\":{\"@type\":\"ImageObject\",\"inLanguage\":\"nb-NO\",\"@id\":\"https:\\\/\\\/zendr.se\\\/#\\\/schema\\\/logo\\\/image\\\/\",\"url\":\"https:\\\/\\\/zendr.se\\\/wp-content\\\/uploads\\\/2025\\\/04\\\/cropped-cropped-Zendr-logo-2.png\",\"contentUrl\":\"https:\\\/\\\/zendr.se\\\/wp-content\\\/uploads\\\/2025\\\/04\\\/cropped-cropped-Zendr-logo-2.png\",\"width\":512,\"height\":119,\"caption\":\"Zendr\"},\"image\":{\"@id\":\"https:\\\/\\\/zendr.se\\\/#\\\/schema\\\/logo\\\/image\\\/\"}},{\"@type\":\"Person\",\"@id\":\"https:\\\/\\\/zendr.se\\\/#\\\/schema\\\/person\\\/22d6f32ddae5bd61273090aee4559c55\",\"name\":\"Jonas Ehne\",\"image\":{\"@type\":\"ImageObject\",\"inLanguage\":\"nb-NO\",\"@id\":\"https:\\\/\\\/secure.gravatar.com\\\/avatar\\\/e5d8bab805f957ecfa03c7f8ff36ac77c4f280e78403ab5932cd11222e7e1f4d?s=96&d=mm&r=g\",\"url\":\"https:\\\/\\\/secure.gravatar.com\\\/avatar\\\/e5d8bab805f957ecfa03c7f8ff36ac77c4f280e78403ab5932cd11222e7e1f4d?s=96&d=mm&r=g\",\"contentUrl\":\"https:\\\/\\\/secure.gravatar.com\\\/avatar\\\/e5d8bab805f957ecfa03c7f8ff36ac77c4f280e78403ab5932cd11222e7e1f4d?s=96&d=mm&r=g\",\"caption\":\"Jonas Ehne\"},\"url\":\"https:\\\/\\\/zendr.se\\\/no\\\/blogg\\\/author\\\/jonas-ehne\\\/\"}]}<\/script>\n<!-- \/ Yoast SEO plugin. -->","yoast_head_json":{"title":"N\u00e4sta \u00e5r blir det\u00a0\u00e4nnu b\u00e4ttre\u00a0frakt med Zendr - Zendr - F\u00f6renkla din f\u00f6retagsfrakt","robots":{"index":"index","follow":"follow","max-snippet":"max-snippet:-1","max-image-preview":"max-image-preview:large","max-video-preview":"max-video-preview:-1"},"canonical":"https:\/\/zendr.se\/no\/blogg\/nasta-ar-blir-det-annu-battre-frakt-med-zendr\/","og_locale":"nb_NO","og_type":"article","og_title":"N\u00e4sta \u00e5r blir det\u00a0\u00e4nnu b\u00e4ttre\u00a0frakt med Zendr - Zendr - F\u00f6renkla din f\u00f6retagsfrakt","og_description":"N\u00e4r kalendern b\u00f6rjar fyllas av b\u00e5de avslut, planering och h\u00f6gtider vill vi ta en stund och summera \u00e5ret och ge en liten inblick i vad som h\u00e4nt och vad som v\u00e4ntar runt h\u00f6rnet hos Zendr. H\u00e4r f\u00e5r du en snabb bild av \u00e5ret som g\u00e5tt, n\u00e5gra glimtar bakom kulisserna och en f\u00f6rhandsblick p\u00e5 vad vi kommer att fokusera p\u00e5 n\u00e4sta \u00e5r f\u00f6r att g\u00f6ra frakt och logistik \u00e4nnu enklare f\u00f6r f\u00f6retag.","og_url":"https:\/\/zendr.se\/no\/blogg\/nasta-ar-blir-det-annu-battre-frakt-med-zendr\/","og_site_name":"Zendr - F\u00f6renkla din f\u00f6retagsfrakt","article_published_time":"2025-12-19T08:14:13+00:00","og_image":[{"width":1456,"height":816,"url":"https:\/\/zendr.se\/wp-content\/uploads\/2025\/12\/julzendr.png","type":"image\/png"}],"author":"Jonas Ehne","twitter_card":"summary_large_image","twitter_misc":{"Skrevet av":"Jonas Ehne","Ansl. lesetid":"4 minutter"},"schema":{"@context":"https:\/\/schema.org","@graph":[{"@type":"Article","@id":"https:\/\/zendr.se\/blogg\/nasta-ar-blir-det-annu-battre-frakt-med-zendr\/#article","isPartOf":{"@id":"https:\/\/zendr.se\/blogg\/nasta-ar-blir-det-annu-battre-frakt-med-zendr\/"},"author":{"name":"Jonas Ehne","@id":"https:\/\/zendr.se\/#\/schema\/person\/22d6f32ddae5bd61273090aee4559c55"},"headline":"N\u00e4sta \u00e5r blir det\u00a0\u00e4nnu b\u00e4ttre\u00a0frakt med Zendr","datePublished":"2025-12-19T08:14:13+00:00","mainEntityOfPage":{"@id":"https:\/\/zendr.se\/blogg\/nasta-ar-blir-det-annu-battre-frakt-med-zendr\/"},"wordCount":724,"publisher":{"@id":"https:\/\/zendr.se\/#organization"},"image":{"@id":"https:\/\/zendr.se\/blogg\/nasta-ar-blir-det-annu-battre-frakt-med-zendr\/#primaryimage"},"thumbnailUrl":"https:\/\/zendr.se\/wp-content\/uploads\/2025\/12\/julzendr.png","articleSection":["Uncategorized"],"inLanguage":"nb-NO"},{"@type":"WebPage","@id":"https:\/\/zendr.se\/blogg\/nasta-ar-blir-det-annu-battre-frakt-med-zendr\/","url":"https:\/\/zendr.se\/blogg\/nasta-ar-blir-det-annu-battre-frakt-med-zendr\/","name":"N\u00e4sta \u00e5r blir det\u00a0\u00e4nnu b\u00e4ttre\u00a0frakt med Zendr - Zendr - F\u00f6renkla din f\u00f6retagsfrakt","isPartOf":{"@id":"https:\/\/zendr.se\/#website"},"primaryImageOfPage":{"@id":"https:\/\/zendr.se\/blogg\/nasta-ar-blir-det-annu-battre-frakt-med-zendr\/#primaryimage"},"image":{"@id":"https:\/\/zendr.se\/blogg\/nasta-ar-blir-det-annu-battre-frakt-med-zendr\/#primaryimage"},"thumbnailUrl":"https:\/\/zendr.se\/wp-content\/uploads\/2025\/12\/julzendr.png","datePublished":"2025-12-19T08:14:13+00:00","breadcrumb":{"@id":"https:\/\/zendr.se\/blogg\/nasta-ar-blir-det-annu-battre-frakt-med-zendr\/#breadcrumb"},"inLanguage":"nb-NO","potentialAction":[{"@type":"ReadAction","target":["https:\/\/zendr.se\/blogg\/nasta-ar-blir-det-annu-battre-frakt-med-zendr\/"]}]},{"@type":"ImageObject","inLanguage":"nb-NO","@id":"https:\/\/zendr.se\/blogg\/nasta-ar-blir-det-annu-battre-frakt-med-zendr\/#primaryimage","url":"https:\/\/zendr.se\/wp-content\/uploads\/2025\/12\/julzendr.png","contentUrl":"https:\/\/zendr.se\/wp-content\/uploads\/2025\/12\/julzendr.png","width":1456,"height":816},{"@type":"BreadcrumbList","@id":"https:\/\/zendr.se\/blogg\/nasta-ar-blir-det-annu-battre-frakt-med-zendr\/#breadcrumb","itemListElement":[{"@type":"ListItem","position":1,"name":"Home","item":"https:\/\/zendr.se\/"},{"@type":"ListItem","position":2,"name":"N\u00e4sta \u00e5r blir det\u00a0\u00e4nnu b\u00e4ttre\u00a0frakt med Zendr"}]},{"@type":"WebSite","@id":"https:\/\/zendr.se\/#website","url":"https:\/\/zendr.se\/","name":"zendr.se","description":"Vi forenkler frakt","publisher":{"@id":"https:\/\/zendr.se\/#organization"},"potentialAction":[{"@type":"SearchAction","target":{"@type":"EntryPoint","urlTemplate":"https:\/\/zendr.se\/?s={search_term_string}"},"query-input":{"@type":"PropertyValueSpecification","valueRequired":true,"valueName":"search_term_string"}}],"inLanguage":"nb-NO"},{"@type":"Organization","@id":"https:\/\/zendr.se\/#organization","name":"Zendr","url":"https:\/\/zendr.se\/","logo":{"@type":"ImageObject","inLanguage":"nb-NO","@id":"https:\/\/zendr.se\/#\/schema\/logo\/image\/","url":"https:\/\/zendr.se\/wp-content\/uploads\/2025\/04\/cropped-cropped-Zendr-logo-2.png","contentUrl":"https:\/\/zendr.se\/wp-content\/uploads\/2025\/04\/cropped-cropped-Zendr-logo-2.png","width":512,"height":119,"caption":"Zendr"},"image":{"@id":"https:\/\/zendr.se\/#\/schema\/logo\/image\/"}},{"@type":"Person","@id":"https:\/\/zendr.se\/#\/schema\/person\/22d6f32ddae5bd61273090aee4559c55","name":"Jonas Ehne","image":{"@type":"ImageObject","inLanguage":"nb-NO","@id":"https:\/\/secure.gravatar.com\/avatar\/e5d8bab805f957ecfa03c7f8ff36ac77c4f280e78403ab5932cd11222e7e1f4d?s=96&d=mm&r=g","url":"https:\/\/secure.gravatar.com\/avatar\/e5d8bab805f957ecfa03c7f8ff36ac77c4f280e78403ab5932cd11222e7e1f4d?s=96&d=mm&r=g","contentUrl":"https:\/\/secure.gravatar.com\/avatar\/e5d8bab805f957ecfa03c7f8ff36ac77c4f280e78403ab5932cd11222e7e1f4d?s=96&d=mm&r=g","caption":"Jonas Ehne"},"url":"https:\/\/zendr.se\/no\/blogg\/author\/jonas-ehne\/"}]}},"jetpack_featured_media_url":"https:\/\/zendr.se\/wp-content\/uploads\/2025\/12\/julzendr.png","_links":{"self":[{"href":"https:\/\/zendr.se\/no\/wp-json\/wp\/v2\/posts\/8278","targetHints":{"allow":["GET"]}}],"collection":[{"href":"https:\/\/zendr.se\/no\/wp-json\/wp\/v2\/posts"}],"about":[{"href":"https:\/\/zendr.se\/no\/wp-json\/wp\/v2\/types\/post"}],"author":[{"embeddable":true,"href":"https:\/\/zendr.se\/no\/wp-json\/wp\/v2\/users\/13"}],"replies":[{"embeddable":true,"href":"https:\/\/zendr.se\/no\/wp-json\/wp\/v2\/comments?post=8278"}],"version-history":[{"count":6,"href":"https:\/\/zendr.se\/no\/wp-json\/wp\/v2\/posts\/8278\/revisions"}],"predecessor-version":[{"id":8288,"href":"https:\/\/zendr.se\/no\/wp-json\/wp\/v2\/posts\/8278\/revisions\/8288"}],"wp:featuredmedia":[{"embeddable":true,"href":"https:\/\/zendr.se\/no\/wp-json\/wp\/v2\/media\/8280"}],"wp:attachment":[{"href":"https:\/\/zendr.se\/no\/wp-json\/wp\/v2\/media?parent=8278"}],"wp:term":[{"taxonomy":"category","embeddable":true,"href":"https:\/\/zendr.se\/no\/wp-json\/wp\/v2\/categories?post=8278"},{"taxonomy":"post_tag","embeddable":true,"href":"https:\/\/zendr.se\/no\/wp-json\/wp\/v2\/tags?post=8278"}],"curies":[{"name":"wp","href":"https:\/\/api.w.org\/{rel}","templated":true}]}}