{"id":8380,"date":"2026-02-01T14:45:05","date_gmt":"2026-02-01T13:45:05","guid":{"rendered":"https:\/\/zendr.se\/?p=8380"},"modified":"2026-02-17T09:17:15","modified_gmt":"2026-02-17T08:17:15","slug":"dsv-och-schenker-blir-ett-bolag-vad-innebar-det","status":"publish","type":"post","link":"https:\/\/zendr.se\/no\/blogg\/dsv-och-schenker-blir-ett-bolag-vad-innebar-det\/","title":{"rendered":"DSV og Schenker blir ett selskap \u2013 hva inneb\u00e6rer det?"},"content":{"rendered":"<p><\/p>\n<p>Det skjer ting i det svenske fraktmarkedet! Til v\u00e5ren kunngjorde DSV at de kj\u00f8per DB Schenker av Deutsche Bahn \u2013 den st\u00f8rste avtalen noensinne for det dansk-eide DSV. Fra og med 1. februar 2026 vil DSV og Schenker formelt v\u00e6re ett og samme selskap i Sverige, under DSVs navn og varemerke. For deg som fraktkunde kan dette vekke sp\u00f8rsm\u00e5l \u2013 her oppsummerer vi det viktigste.<\/p><p><br><\/p>\n<p><\/p>\n<h2 class=\"wp-block-heading\"><strong>Kort om endringen rundt DSV og Schenker&nbsp;<\/strong><\/h2>\n<p><\/p>\n<p>Det som formelt skjer er:<\/p>\n<p><\/p>\n<ul class=\"wp-block-list\"><p><\/p>\n<li>Schenker AB fusjoneres inn i DSV Road AB, som blir den nye forretningspartneren.<\/li>\n<p><\/p>\n<li>Alle eksisterende avtaler med DSV Road AB overf\u00f8res automatisk til Schenker AB p\u00e5 samme vilk\u00e5r som tidligere.<\/li>\n<p><\/p>\n<li>Fra 1. februar drives virksomheten i DSV Road AB.&nbsp;<br><br><\/li>\n<p><\/p>\n<\/ul>\n<p><\/p>\n<h2 class=\"wp-block-heading\"><strong>Hva betyr det i praksis?<\/strong><\/h2>\n<p><\/p>\n<p>I praksis skal deres n\u00e5v\u00e6rende samarbeid i stor grad fortsette som f\u00f8r, med samme kontaktpersoner, kontaktveier, arbeidsmetoder og vilk\u00e5r inntil videre.<br><br><\/p>\n<p><\/p>\n<h2 class=\"wp-block-heading\"><strong>Du som bruker Zendr<\/strong><\/h2>\n<p><\/p>\n<p>Som Zendr-kunde er v\u00e5r rolle \u00e5 hjelpe deg \u00e5 ha kontroll p\u00e5 frakten \u2013 ogs\u00e5 n\u00e5r det skjer store ting p\u00e5 transports\u00f8rssiden.<\/p>\n<p><\/p>\n<p>Dette inneb\u00e6rer at vi:<\/p>\n<p><\/p>\n<ul class=\"wp-block-list\"><p><\/p>\n<li>F\u00f8lger utviklingen hos DSV og Schenker.<\/li>\n<p><\/p>\n<li>Holder oversikt over prisniv\u00e5, vilk\u00e5r og tjenestetilbud.<\/li>\n<p><\/p>\n<li>Sikrer at du fortsatt kan bestille, sammenligne og f\u00f8lge dine sendinger smidig i Zendr Portal.<\/li>\n<p><\/p>\n<\/ul>\n<p><\/p>\n<p>Skulle noe endres som p\u00e5virker dine bookinger eller flyter, vil vi s\u00f8rge for at du f\u00e5r klar informasjon og at portalen tilpasses.<br><br><\/p>\n<p><\/p>\n<h3 class=\"wp-block-heading\"><strong>Har du flere sp\u00f8rsm\u00e5l om hva sammensl\u00e5ingen betyr for deg som fraktkunde?<\/strong><\/h3>\n<p><\/p>\n<p>V\u00e5rt supportteam hjelper deg gjerne med \u00e5 finne ut hva som gjelder i akkurat ditt tilfelle og hva som er lurt \u00e5 gj\u00f8re \u2013 eller vente med \u2013 akkurat n\u00e5.<\/p>\n<p><\/p>","protected":false},"excerpt":{"rendered":"<p>Fra og med 1. februar 2026 blir DSV og Schenker formelt ett og samme selskap i Sverige, under DSV sitt navn og varemerke. For deg som fraktkunde kan dette vekke sp\u00f8rsm\u00e5l \u2013 her oppsummerer vi det viktigste.<\/p>","protected":false},"author":13,"featured_media":8385,"comment_status":"closed","ping_status":"closed","sticky":false,"template":"","format":"standard","meta":{"_acf_changed":false,"footnotes":""},"categories":[1],"tags":[55],"class_list":["post-8380","post","type-post","status-publish","format-standard","has-post-thumbnail","hentry","category-uncategorized","tag-branschnyheter"],"acf":[],"yoast_head":"<!-- This site is optimized with the Yoast SEO plugin v27.5 - https:\/\/yoast.com\/product\/yoast-seo-wordpress\/ -->\n<title>DSV och Schenker blir ett bolag \u2013 vad inneb\u00e4r det? - Zendr - F\u00f6renkla din f\u00f6retagsfrakt<\/title>\n<meta name=\"robots\" content=\"index, follow, max-snippet:-1, max-image-preview:large, max-video-preview:-1\" \/>\n<link rel=\"canonical\" href=\"https:\/\/zendr.se\/no\/blogg\/dsv-och-schenker-blir-ett-bolag-vad-innebar-det\/\" \/>\n<meta property=\"og:locale\" content=\"nb_NO\" \/>\n<meta property=\"og:type\" content=\"article\" \/>\n<meta property=\"og:title\" content=\"DSV och Schenker blir ett bolag \u2013 vad inneb\u00e4r det? - Zendr - F\u00f6renkla din f\u00f6retagsfrakt\" \/>\n<meta property=\"og:description\" content=\"Fr\u00e5n och med den 1 februari 2026 blir DSV och Schenker formellt ett och samma f\u00f6retag i Sverige, under DSV:s namn och varum\u00e4rke. F\u00f6r dig som fraktkund kan det v\u00e4cka fr\u00e5gor \u2013 h\u00e4r sammanfattar vi det viktigaste.\" \/>\n<meta property=\"og:url\" content=\"https:\/\/zendr.se\/no\/blogg\/dsv-och-schenker-blir-ett-bolag-vad-innebar-det\/\" \/>\n<meta property=\"og:site_name\" content=\"Zendr - F\u00f6renkla din f\u00f6retagsfrakt\" \/>\n<meta property=\"article:published_time\" content=\"2026-02-01T13:45:05+00:00\" \/>\n<meta property=\"article:modified_time\" content=\"2026-02-17T08:17:15+00:00\" \/>\n<meta property=\"og:image\" content=\"https:\/\/zendr.se\/wp-content\/uploads\/2026\/02\/samgaende_2.jpg\" \/>\n\t<meta property=\"og:image:width\" content=\"799\" \/>\n\t<meta property=\"og:image:height\" content=\"425\" \/>\n\t<meta property=\"og:image:type\" content=\"image\/jpeg\" \/>\n<meta name=\"author\" content=\"Jonas Ehne\" \/>\n<meta name=\"twitter:card\" content=\"summary_large_image\" \/>\n<meta name=\"twitter:label1\" content=\"Skrevet av\" \/>\n\t<meta name=\"twitter:data1\" content=\"Jonas Ehne\" \/>\n\t<meta name=\"twitter:label2\" content=\"Ansl. lesetid\" \/>\n\t<meta name=\"twitter:data2\" content=\"2 minutter\" \/>\n<script type=\"application\/ld+json\" class=\"yoast-schema-graph\">{\"@context\":\"https:\\\/\\\/schema.org\",\"@graph\":[{\"@type\":\"Article\",\"@id\":\"https:\\\/\\\/zendr.se\\\/blogg\\\/dsv-och-schenker-blir-ett-bolag-vad-innebar-det\\\/#article\",\"isPartOf\":{\"@id\":\"https:\\\/\\\/zendr.se\\\/blogg\\\/dsv-och-schenker-blir-ett-bolag-vad-innebar-det\\\/\"},\"author\":{\"name\":\"Jonas Ehne\",\"@id\":\"https:\\\/\\\/zendr.se\\\/#\\\/schema\\\/person\\\/22d6f32ddae5bd61273090aee4559c55\"},\"headline\":\"DSV och Schenker blir ett bolag \u2013 vad inneb\u00e4r det?\",\"datePublished\":\"2026-02-01T13:45:05+00:00\",\"dateModified\":\"2026-02-17T08:17:15+00:00\",\"mainEntityOfPage\":{\"@id\":\"https:\\\/\\\/zendr.se\\\/blogg\\\/dsv-och-schenker-blir-ett-bolag-vad-innebar-det\\\/\"},\"wordCount\":322,\"publisher\":{\"@id\":\"https:\\\/\\\/zendr.se\\\/#organization\"},\"image\":{\"@id\":\"https:\\\/\\\/zendr.se\\\/blogg\\\/dsv-och-schenker-blir-ett-bolag-vad-innebar-det\\\/#primaryimage\"},\"thumbnailUrl\":\"https:\\\/\\\/zendr.se\\\/wp-content\\\/uploads\\\/2026\\\/02\\\/samgaende_2.jpg\",\"keywords\":[\"Branschnyheter\"],\"articleSection\":[\"Uncategorized\"],\"inLanguage\":\"nb-NO\"},{\"@type\":\"WebPage\",\"@id\":\"https:\\\/\\\/zendr.se\\\/blogg\\\/dsv-och-schenker-blir-ett-bolag-vad-innebar-det\\\/\",\"url\":\"https:\\\/\\\/zendr.se\\\/blogg\\\/dsv-och-schenker-blir-ett-bolag-vad-innebar-det\\\/\",\"name\":\"DSV och Schenker blir ett bolag \u2013 vad inneb\u00e4r det? - Zendr - F\u00f6renkla din f\u00f6retagsfrakt\",\"isPartOf\":{\"@id\":\"https:\\\/\\\/zendr.se\\\/#website\"},\"primaryImageOfPage\":{\"@id\":\"https:\\\/\\\/zendr.se\\\/blogg\\\/dsv-och-schenker-blir-ett-bolag-vad-innebar-det\\\/#primaryimage\"},\"image\":{\"@id\":\"https:\\\/\\\/zendr.se\\\/blogg\\\/dsv-och-schenker-blir-ett-bolag-vad-innebar-det\\\/#primaryimage\"},\"thumbnailUrl\":\"https:\\\/\\\/zendr.se\\\/wp-content\\\/uploads\\\/2026\\\/02\\\/samgaende_2.jpg\",\"datePublished\":\"2026-02-01T13:45:05+00:00\",\"dateModified\":\"2026-02-17T08:17:15+00:00\",\"breadcrumb\":{\"@id\":\"https:\\\/\\\/zendr.se\\\/blogg\\\/dsv-och-schenker-blir-ett-bolag-vad-innebar-det\\\/#breadcrumb\"},\"inLanguage\":\"nb-NO\",\"potentialAction\":[{\"@type\":\"ReadAction\",\"target\":[\"https:\\\/\\\/zendr.se\\\/blogg\\\/dsv-och-schenker-blir-ett-bolag-vad-innebar-det\\\/\"]}]},{\"@type\":\"ImageObject\",\"inLanguage\":\"nb-NO\",\"@id\":\"https:\\\/\\\/zendr.se\\\/blogg\\\/dsv-och-schenker-blir-ett-bolag-vad-innebar-det\\\/#primaryimage\",\"url\":\"https:\\\/\\\/zendr.se\\\/wp-content\\\/uploads\\\/2026\\\/02\\\/samgaende_2.jpg\",\"contentUrl\":\"https:\\\/\\\/zendr.se\\\/wp-content\\\/uploads\\\/2026\\\/02\\\/samgaende_2.jpg\",\"width\":799,\"height\":425},{\"@type\":\"BreadcrumbList\",\"@id\":\"https:\\\/\\\/zendr.se\\\/blogg\\\/dsv-och-schenker-blir-ett-bolag-vad-innebar-det\\\/#breadcrumb\",\"itemListElement\":[{\"@type\":\"ListItem\",\"position\":1,\"name\":\"Home\",\"item\":\"https:\\\/\\\/zendr.se\\\/\"},{\"@type\":\"ListItem\",\"position\":2,\"name\":\"DSV och Schenker blir ett bolag \u2013 vad inneb\u00e4r det?\"}]},{\"@type\":\"WebSite\",\"@id\":\"https:\\\/\\\/zendr.se\\\/#website\",\"url\":\"https:\\\/\\\/zendr.se\\\/\",\"name\":\"zendr.se\",\"description\":\"Vi f\u00f6renklar frakt\",\"publisher\":{\"@id\":\"https:\\\/\\\/zendr.se\\\/#organization\"},\"potentialAction\":[{\"@type\":\"SearchAction\",\"target\":{\"@type\":\"EntryPoint\",\"urlTemplate\":\"https:\\\/\\\/zendr.se\\\/?s={search_term_string}\"},\"query-input\":{\"@type\":\"PropertyValueSpecification\",\"valueRequired\":true,\"valueName\":\"search_term_string\"}}],\"inLanguage\":\"nb-NO\"},{\"@type\":\"Organization\",\"@id\":\"https:\\\/\\\/zendr.se\\\/#organization\",\"name\":\"Zendr\",\"url\":\"https:\\\/\\\/zendr.se\\\/\",\"logo\":{\"@type\":\"ImageObject\",\"inLanguage\":\"nb-NO\",\"@id\":\"https:\\\/\\\/zendr.se\\\/#\\\/schema\\\/logo\\\/image\\\/\",\"url\":\"https:\\\/\\\/zendr.se\\\/wp-content\\\/uploads\\\/2025\\\/04\\\/cropped-cropped-Zendr-logo-2.png\",\"contentUrl\":\"https:\\\/\\\/zendr.se\\\/wp-content\\\/uploads\\\/2025\\\/04\\\/cropped-cropped-Zendr-logo-2.png\",\"width\":512,\"height\":119,\"caption\":\"Zendr\"},\"image\":{\"@id\":\"https:\\\/\\\/zendr.se\\\/#\\\/schema\\\/logo\\\/image\\\/\"}},{\"@type\":\"Person\",\"@id\":\"https:\\\/\\\/zendr.se\\\/#\\\/schema\\\/person\\\/22d6f32ddae5bd61273090aee4559c55\",\"name\":\"Jonas Ehne\",\"image\":{\"@type\":\"ImageObject\",\"inLanguage\":\"nb-NO\",\"@id\":\"https:\\\/\\\/secure.gravatar.com\\\/avatar\\\/e5d8bab805f957ecfa03c7f8ff36ac77c4f280e78403ab5932cd11222e7e1f4d?s=96&d=mm&r=g\",\"url\":\"https:\\\/\\\/secure.gravatar.com\\\/avatar\\\/e5d8bab805f957ecfa03c7f8ff36ac77c4f280e78403ab5932cd11222e7e1f4d?s=96&d=mm&r=g\",\"contentUrl\":\"https:\\\/\\\/secure.gravatar.com\\\/avatar\\\/e5d8bab805f957ecfa03c7f8ff36ac77c4f280e78403ab5932cd11222e7e1f4d?s=96&d=mm&r=g\",\"caption\":\"Jonas Ehne\"},\"url\":\"https:\\\/\\\/zendr.se\\\/no\\\/blogg\\\/author\\\/jonas-ehne\\\/\"}]}<\/script>\n<!-- \/ Yoast SEO plugin. -->","yoast_head_json":{"title":"DSV och Schenker blir ett bolag \u2013 vad inneb\u00e4r det? - Zendr - F\u00f6renkla din f\u00f6retagsfrakt","robots":{"index":"index","follow":"follow","max-snippet":"max-snippet:-1","max-image-preview":"max-image-preview:large","max-video-preview":"max-video-preview:-1"},"canonical":"https:\/\/zendr.se\/no\/blogg\/dsv-och-schenker-blir-ett-bolag-vad-innebar-det\/","og_locale":"nb_NO","og_type":"article","og_title":"DSV och Schenker blir ett bolag \u2013 vad inneb\u00e4r det? - Zendr - F\u00f6renkla din f\u00f6retagsfrakt","og_description":"Fr\u00e5n och med den 1 februari 2026 blir DSV och Schenker formellt ett och samma f\u00f6retag i Sverige, under DSV:s namn och varum\u00e4rke. F\u00f6r dig som fraktkund kan det v\u00e4cka fr\u00e5gor \u2013 h\u00e4r sammanfattar vi det viktigaste.","og_url":"https:\/\/zendr.se\/no\/blogg\/dsv-och-schenker-blir-ett-bolag-vad-innebar-det\/","og_site_name":"Zendr - F\u00f6renkla din f\u00f6retagsfrakt","article_published_time":"2026-02-01T13:45:05+00:00","article_modified_time":"2026-02-17T08:17:15+00:00","og_image":[{"width":799,"height":425,"url":"https:\/\/zendr.se\/wp-content\/uploads\/2026\/02\/samgaende_2.jpg","type":"image\/jpeg"}],"author":"Jonas Ehne","twitter_card":"summary_large_image","twitter_misc":{"Skrevet av":"Jonas Ehne","Ansl. lesetid":"2 minutter"},"schema":{"@context":"https:\/\/schema.org","@graph":[{"@type":"Article","@id":"https:\/\/zendr.se\/blogg\/dsv-och-schenker-blir-ett-bolag-vad-innebar-det\/#article","isPartOf":{"@id":"https:\/\/zendr.se\/blogg\/dsv-och-schenker-blir-ett-bolag-vad-innebar-det\/"},"author":{"name":"Jonas Ehne","@id":"https:\/\/zendr.se\/#\/schema\/person\/22d6f32ddae5bd61273090aee4559c55"},"headline":"DSV och Schenker blir ett bolag \u2013 vad inneb\u00e4r det?","datePublished":"2026-02-01T13:45:05+00:00","dateModified":"2026-02-17T08:17:15+00:00","mainEntityOfPage":{"@id":"https:\/\/zendr.se\/blogg\/dsv-och-schenker-blir-ett-bolag-vad-innebar-det\/"},"wordCount":322,"publisher":{"@id":"https:\/\/zendr.se\/#organization"},"image":{"@id":"https:\/\/zendr.se\/blogg\/dsv-och-schenker-blir-ett-bolag-vad-innebar-det\/#primaryimage"},"thumbnailUrl":"https:\/\/zendr.se\/wp-content\/uploads\/2026\/02\/samgaende_2.jpg","keywords":["Branschnyheter"],"articleSection":["Uncategorized"],"inLanguage":"nb-NO"},{"@type":"WebPage","@id":"https:\/\/zendr.se\/blogg\/dsv-och-schenker-blir-ett-bolag-vad-innebar-det\/","url":"https:\/\/zendr.se\/blogg\/dsv-och-schenker-blir-ett-bolag-vad-innebar-det\/","name":"DSV och Schenker blir ett bolag \u2013 vad inneb\u00e4r det? - Zendr - F\u00f6renkla din f\u00f6retagsfrakt","isPartOf":{"@id":"https:\/\/zendr.se\/#website"},"primaryImageOfPage":{"@id":"https:\/\/zendr.se\/blogg\/dsv-och-schenker-blir-ett-bolag-vad-innebar-det\/#primaryimage"},"image":{"@id":"https:\/\/zendr.se\/blogg\/dsv-och-schenker-blir-ett-bolag-vad-innebar-det\/#primaryimage"},"thumbnailUrl":"https:\/\/zendr.se\/wp-content\/uploads\/2026\/02\/samgaende_2.jpg","datePublished":"2026-02-01T13:45:05+00:00","dateModified":"2026-02-17T08:17:15+00:00","breadcrumb":{"@id":"https:\/\/zendr.se\/blogg\/dsv-och-schenker-blir-ett-bolag-vad-innebar-det\/#breadcrumb"},"inLanguage":"nb-NO","potentialAction":[{"@type":"ReadAction","target":["https:\/\/zendr.se\/blogg\/dsv-och-schenker-blir-ett-bolag-vad-innebar-det\/"]}]},{"@type":"ImageObject","inLanguage":"nb-NO","@id":"https:\/\/zendr.se\/blogg\/dsv-och-schenker-blir-ett-bolag-vad-innebar-det\/#primaryimage","url":"https:\/\/zendr.se\/wp-content\/uploads\/2026\/02\/samgaende_2.jpg","contentUrl":"https:\/\/zendr.se\/wp-content\/uploads\/2026\/02\/samgaende_2.jpg","width":799,"height":425},{"@type":"BreadcrumbList","@id":"https:\/\/zendr.se\/blogg\/dsv-och-schenker-blir-ett-bolag-vad-innebar-det\/#breadcrumb","itemListElement":[{"@type":"ListItem","position":1,"name":"Home","item":"https:\/\/zendr.se\/"},{"@type":"ListItem","position":2,"name":"DSV och Schenker blir ett bolag \u2013 vad inneb\u00e4r det?"}]},{"@type":"WebSite","@id":"https:\/\/zendr.se\/#website","url":"https:\/\/zendr.se\/","name":"zendr.se","description":"Vi forenkler frakt","publisher":{"@id":"https:\/\/zendr.se\/#organization"},"potentialAction":[{"@type":"SearchAction","target":{"@type":"EntryPoint","urlTemplate":"https:\/\/zendr.se\/?s={search_term_string}"},"query-input":{"@type":"PropertyValueSpecification","valueRequired":true,"valueName":"search_term_string"}}],"inLanguage":"nb-NO"},{"@type":"Organization","@id":"https:\/\/zendr.se\/#organization","name":"Zendr","url":"https:\/\/zendr.se\/","logo":{"@type":"ImageObject","inLanguage":"nb-NO","@id":"https:\/\/zendr.se\/#\/schema\/logo\/image\/","url":"https:\/\/zendr.se\/wp-content\/uploads\/2025\/04\/cropped-cropped-Zendr-logo-2.png","contentUrl":"https:\/\/zendr.se\/wp-content\/uploads\/2025\/04\/cropped-cropped-Zendr-logo-2.png","width":512,"height":119,"caption":"Zendr"},"image":{"@id":"https:\/\/zendr.se\/#\/schema\/logo\/image\/"}},{"@type":"Person","@id":"https:\/\/zendr.se\/#\/schema\/person\/22d6f32ddae5bd61273090aee4559c55","name":"Jonas Ehne","image":{"@type":"ImageObject","inLanguage":"nb-NO","@id":"https:\/\/secure.gravatar.com\/avatar\/e5d8bab805f957ecfa03c7f8ff36ac77c4f280e78403ab5932cd11222e7e1f4d?s=96&d=mm&r=g","url":"https:\/\/secure.gravatar.com\/avatar\/e5d8bab805f957ecfa03c7f8ff36ac77c4f280e78403ab5932cd11222e7e1f4d?s=96&d=mm&r=g","contentUrl":"https:\/\/secure.gravatar.com\/avatar\/e5d8bab805f957ecfa03c7f8ff36ac77c4f280e78403ab5932cd11222e7e1f4d?s=96&d=mm&r=g","caption":"Jonas Ehne"},"url":"https:\/\/zendr.se\/no\/blogg\/author\/jonas-ehne\/"}]}},"jetpack_featured_media_url":"https:\/\/zendr.se\/wp-content\/uploads\/2026\/02\/samgaende_2.jpg","_links":{"self":[{"href":"https:\/\/zendr.se\/no\/wp-json\/wp\/v2\/posts\/8380","targetHints":{"allow":["GET"]}}],"collection":[{"href":"https:\/\/zendr.se\/no\/wp-json\/wp\/v2\/posts"}],"about":[{"href":"https:\/\/zendr.se\/no\/wp-json\/wp\/v2\/types\/post"}],"author":[{"embeddable":true,"href":"https:\/\/zendr.se\/no\/wp-json\/wp\/v2\/users\/13"}],"replies":[{"embeddable":true,"href":"https:\/\/zendr.se\/no\/wp-json\/wp\/v2\/comments?post=8380"}],"version-history":[{"count":5,"href":"https:\/\/zendr.se\/no\/wp-json\/wp\/v2\/posts\/8380\/revisions"}],"predecessor-version":[{"id":8386,"href":"https:\/\/zendr.se\/no\/wp-json\/wp\/v2\/posts\/8380\/revisions\/8386"}],"wp:featuredmedia":[{"embeddable":true,"href":"https:\/\/zendr.se\/no\/wp-json\/wp\/v2\/media\/8385"}],"wp:attachment":[{"href":"https:\/\/zendr.se\/no\/wp-json\/wp\/v2\/media?parent=8380"}],"wp:term":[{"taxonomy":"category","embeddable":true,"href":"https:\/\/zendr.se\/no\/wp-json\/wp\/v2\/categories?post=8380"},{"taxonomy":"post_tag","embeddable":true,"href":"https:\/\/zendr.se\/no\/wp-json\/wp\/v2\/tags?post=8380"}],"curies":[{"name":"wp","href":"https:\/\/api.w.org\/{rel}","templated":true}]}}