{"id":8387,"date":"2026-01-23T14:52:30","date_gmt":"2026-01-23T13:52:30","guid":{"rendered":"https:\/\/zendr.se\/?p=8387"},"modified":"2026-02-17T09:21:43","modified_gmt":"2026-02-17T08:21:43","slug":"proaktiv-support-nar-frakten-fran-italien-stoppades-sa-loste-zendr-det","status":"publish","type":"post","link":"https:\/\/zendr.se\/no\/blogg\/proaktiv-support-nar-frakten-fran-italien-stoppades-sa-loste-zendr-det\/","title":{"rendered":"Proaktiv st\u00f8tte da forsendelsen fra Italia ble stoppet \u2013 slik l\u00f8ste Zendr det"},"content":{"rendered":"<p><\/p>\n<p>Anna, logistikksjef hos en av v\u00e5re kunder, gj\u00f8r noe hun har gjort hundrevis av ganger: bestiller frakt fra en fabrikk i Italia til Sverige. Alt ser riktig ut i Zendr-portalen, kunden venter, dagen ruller videre.<\/p>\n<p><\/p>\n<p>Men frakten er stoppet. Bestillingen har blitt nektet henting av transport\u00f8ren.<\/p>\n<p><\/p>\n<p><strong>Naomi<\/strong>, som jobber p\u00e5 kundeservice hos Zendr, f\u00e5r meldingen fra transport\u00f8ren og ringer umiddelbart opp kunden. Anna blir overrasket og litt forvirret over hva som kan ha g\u00e5tt galt, men Naomi forklarer rolig at de kan g\u00e5 gjennom saken sammen slik at hun kan forklare.\u00a0\u00a0<br \/><br \/><\/p>\n<p><\/p>\n<h3 class=\"wp-block-heading\"><strong>Hva gikk galt i fraktbestillingen fra Italia?<\/strong><\/h3>\n<p><\/p>\n<p>Det var ingenting rart med selve opplegget: svensk selskap som avsender, fabrikk i Italia som hentested, kunde i Sverige. Problemet er at transport\u00f8rens system ikke bryr seg om hvem som eier relasjonen, men bare om hvor godset faktisk st\u00e5r. For dem er en \u201cavsender\u201d der godset hentes og intet annet.\u00a0<\/p>\n<p><\/p>\n<p>Kombinasjonen \u201csvensk avsender, italiensk hentested\u201d ble derfor inkonsekvent og ble stoppet. For \u00e5 l\u00f8se dette, m\u00e5tte man avbestille, kopiere bestillingen, fjerne \u201cannen hentningsadresse\u201d, legge inn avsenderen i Italia og bestille p\u00e5 nytt med en transport\u00f8r som aksepterte det korrekte oppsettet. Naomi fikset det for Anna, samtidig som hun forklarte hvordan det m\u00e5tte gj\u00f8res fremover.\u00a0<\/p>\n<p><\/p>\n<p>\u2013 S\u00e5, da dro du til Italia! konstaterte hun da hun hadde lagt inn avsenderen riktig og reservasjonen kunne sendes.\u00a0\u00a0<br \/><br \/><\/p>\n<p><\/p>\n<h3 class=\"wp-block-heading\"><strong>Sm\u00e5 feil, store effekter for internasjonal frakt<\/strong><\/h3>\n<p><\/p>\n<p>Dette er ikke uvanlig n\u00e5r det gjelder internasjonal frakt. Feilaktige fraktbestillinger oppst\u00e5r ofte n\u00e5r:<\/p>\n<p><\/p>\n<ul class=\"wp-block-list\">\n<li style=\"list-style-type: none;\">\n<ul><\/ul>\n<\/li>\n<\/ul>\n<p>\u00a0<\/p>\n<ul>\n<li style=\"list-style-type: none;\">\n<ul>\n<li>Avsender reflekterer organisasjonsnummer i stedet for hentested.<\/li>\n<\/ul>\n<\/li>\n<\/ul>\n<p><\/p>\n<ul>\n<li style=\"list-style-type: none;\">\n<ul>\n<li>Henteadresse er skjult i et \u201cannen adresse\u201d-felt.<\/li>\n<\/ul>\n<\/li>\n<\/ul>\n<p><\/p>\n<ul>\n<li style=\"list-style-type: none;\">\n<ul>\n<li>Eldre bestillinger kopieres uten at logikken blir gjennomg\u00e5tt.<\/li>\n<\/ul>\n<\/li>\n<\/ul>\n<p><\/p>\n<p><\/p>\n<p>Resultatet blir stansede sendinger, mer manuelt arbeid og un\u00f8dvendig usikkerhet overfor kunden, selv om selve logistikken i utgangspunktet er fullt h\u00e5ndterbar.<br \/><br \/><\/p>\n<p><\/p>\n<h3 class=\"wp-block-heading\"><strong>Zendr gir proaktiv hjelp og utdanner kunden<\/strong><\/h3>\n<p><\/p>\n<p>Vi hos Zendr ser p\u00e5 oss selv som mer enn bare en fraktplattform \u2013 vi er en fraktpartner. Akkurat som Naomi gjorde i dette tilfellet, tar vi proaktivt tak i saken n\u00e5r vi ser at noe blir feil. Vi tar kontakt med kunden, ordner problemet og l\u00e6rer dem hvordan de unng\u00e5r \u00e5 gj\u00f8re de samme feilene igjen. At frakten fungerer smidig, raskt og effektivt er sentralt for v\u00e5re kunder \u2013 og dermed ogs\u00e5 for oss.\u00a0<\/p>\n<p><\/p>","protected":false},"excerpt":{"rendered":"<p>Da en forsendelse fra Italia ble stoppet, tok kollegaen v\u00e5r Naomi proaktivt kontakt med kunden og l\u00f8ste problemet. <\/p>","protected":false},"author":13,"featured_media":8388,"comment_status":"closed","ping_status":"closed","sticky":false,"template":"","format":"standard","meta":{"_acf_changed":false,"footnotes":""},"categories":[1],"tags":[58],"class_list":["post-8387","post","type-post","status-publish","format-standard","has-post-thumbnail","hentry","category-uncategorized","tag-kundsupport-irl"],"acf":[],"yoast_head":"<!-- This site is optimized with the Yoast SEO plugin v27.5 - https:\/\/yoast.com\/product\/yoast-seo-wordpress\/ -->\n<title>Proaktiv support n\u00e4r frakten fr\u00e5n Italien stoppades \u2013 s\u00e5 l\u00f6ste Zendr det - Zendr - F\u00f6renkla din f\u00f6retagsfrakt<\/title>\n<meta name=\"robots\" content=\"index, follow, max-snippet:-1, max-image-preview:large, max-video-preview:-1\" \/>\n<link rel=\"canonical\" href=\"https:\/\/zendr.se\/no\/blogg\/proaktiv-support-nar-frakten-fran-italien-stoppades-sa-loste-zendr-det\/\" \/>\n<meta property=\"og:locale\" content=\"nb_NO\" \/>\n<meta property=\"og:type\" content=\"article\" \/>\n<meta property=\"og:title\" content=\"Proaktiv support n\u00e4r frakten fr\u00e5n Italien stoppades \u2013 s\u00e5 l\u00f6ste Zendr det - Zendr - F\u00f6renkla din f\u00f6retagsfrakt\" \/>\n<meta property=\"og:description\" content=\"N\u00e4r en frakt fr\u00e5n Italien stoppades s\u00e5 tog v\u00e5r kollega Naomi proaktivt kontakt med kunden och l\u00f6ste problemet.\" \/>\n<meta property=\"og:url\" content=\"https:\/\/zendr.se\/no\/blogg\/proaktiv-support-nar-frakten-fran-italien-stoppades-sa-loste-zendr-det\/\" \/>\n<meta property=\"og:site_name\" content=\"Zendr - F\u00f6renkla din f\u00f6retagsfrakt\" \/>\n<meta property=\"article:published_time\" content=\"2026-01-23T13:52:30+00:00\" \/>\n<meta property=\"article:modified_time\" content=\"2026-02-17T08:21:43+00:00\" \/>\n<meta property=\"og:image\" content=\"https:\/\/zendr.se\/wp-content\/uploads\/2026\/02\/italy_trucks_zendr-1.png\" \/>\n\t<meta property=\"og:image:width\" content=\"1456\" \/>\n\t<meta property=\"og:image:height\" content=\"816\" \/>\n\t<meta property=\"og:image:type\" content=\"image\/png\" \/>\n<meta name=\"author\" content=\"Jonas Ehne\" \/>\n<meta name=\"twitter:card\" content=\"summary_large_image\" \/>\n<meta name=\"twitter:label1\" content=\"Skrevet av\" \/>\n\t<meta name=\"twitter:data1\" content=\"Jonas Ehne\" \/>\n\t<meta name=\"twitter:label2\" content=\"Ansl. lesetid\" \/>\n\t<meta name=\"twitter:data2\" content=\"3 minutter\" \/>\n<script type=\"application\/ld+json\" class=\"yoast-schema-graph\">{\"@context\":\"https:\\\/\\\/schema.org\",\"@graph\":[{\"@type\":\"Article\",\"@id\":\"https:\\\/\\\/zendr.se\\\/blogg\\\/proaktiv-support-nar-frakten-fran-italien-stoppades-sa-loste-zendr-det\\\/#article\",\"isPartOf\":{\"@id\":\"https:\\\/\\\/zendr.se\\\/blogg\\\/proaktiv-support-nar-frakten-fran-italien-stoppades-sa-loste-zendr-det\\\/\"},\"author\":{\"name\":\"Jonas Ehne\",\"@id\":\"https:\\\/\\\/zendr.se\\\/#\\\/schema\\\/person\\\/22d6f32ddae5bd61273090aee4559c55\"},\"headline\":\"Proaktiv support n\u00e4r frakten fr\u00e5n Italien stoppades \u2013 s\u00e5 l\u00f6ste Zendr det\",\"datePublished\":\"2026-01-23T13:52:30+00:00\",\"dateModified\":\"2026-02-17T08:21:43+00:00\",\"mainEntityOfPage\":{\"@id\":\"https:\\\/\\\/zendr.se\\\/blogg\\\/proaktiv-support-nar-frakten-fran-italien-stoppades-sa-loste-zendr-det\\\/\"},\"wordCount\":451,\"publisher\":{\"@id\":\"https:\\\/\\\/zendr.se\\\/#organization\"},\"image\":{\"@id\":\"https:\\\/\\\/zendr.se\\\/blogg\\\/proaktiv-support-nar-frakten-fran-italien-stoppades-sa-loste-zendr-det\\\/#primaryimage\"},\"thumbnailUrl\":\"https:\\\/\\\/zendr.se\\\/wp-content\\\/uploads\\\/2026\\\/02\\\/italy_trucks_zendr-1.png\",\"keywords\":[\"Kundsupport IRL\"],\"articleSection\":[\"Uncategorized\"],\"inLanguage\":\"nb-NO\"},{\"@type\":\"WebPage\",\"@id\":\"https:\\\/\\\/zendr.se\\\/blogg\\\/proaktiv-support-nar-frakten-fran-italien-stoppades-sa-loste-zendr-det\\\/\",\"url\":\"https:\\\/\\\/zendr.se\\\/blogg\\\/proaktiv-support-nar-frakten-fran-italien-stoppades-sa-loste-zendr-det\\\/\",\"name\":\"Proaktiv support n\u00e4r frakten fr\u00e5n Italien stoppades \u2013 s\u00e5 l\u00f6ste Zendr det - Zendr - F\u00f6renkla din f\u00f6retagsfrakt\",\"isPartOf\":{\"@id\":\"https:\\\/\\\/zendr.se\\\/#website\"},\"primaryImageOfPage\":{\"@id\":\"https:\\\/\\\/zendr.se\\\/blogg\\\/proaktiv-support-nar-frakten-fran-italien-stoppades-sa-loste-zendr-det\\\/#primaryimage\"},\"image\":{\"@id\":\"https:\\\/\\\/zendr.se\\\/blogg\\\/proaktiv-support-nar-frakten-fran-italien-stoppades-sa-loste-zendr-det\\\/#primaryimage\"},\"thumbnailUrl\":\"https:\\\/\\\/zendr.se\\\/wp-content\\\/uploads\\\/2026\\\/02\\\/italy_trucks_zendr-1.png\",\"datePublished\":\"2026-01-23T13:52:30+00:00\",\"dateModified\":\"2026-02-17T08:21:43+00:00\",\"breadcrumb\":{\"@id\":\"https:\\\/\\\/zendr.se\\\/blogg\\\/proaktiv-support-nar-frakten-fran-italien-stoppades-sa-loste-zendr-det\\\/#breadcrumb\"},\"inLanguage\":\"nb-NO\",\"potentialAction\":[{\"@type\":\"ReadAction\",\"target\":[\"https:\\\/\\\/zendr.se\\\/blogg\\\/proaktiv-support-nar-frakten-fran-italien-stoppades-sa-loste-zendr-det\\\/\"]}]},{\"@type\":\"ImageObject\",\"inLanguage\":\"nb-NO\",\"@id\":\"https:\\\/\\\/zendr.se\\\/blogg\\\/proaktiv-support-nar-frakten-fran-italien-stoppades-sa-loste-zendr-det\\\/#primaryimage\",\"url\":\"https:\\\/\\\/zendr.se\\\/wp-content\\\/uploads\\\/2026\\\/02\\\/italy_trucks_zendr-1.png\",\"contentUrl\":\"https:\\\/\\\/zendr.se\\\/wp-content\\\/uploads\\\/2026\\\/02\\\/italy_trucks_zendr-1.png\",\"width\":1456,\"height\":816},{\"@type\":\"BreadcrumbList\",\"@id\":\"https:\\\/\\\/zendr.se\\\/blogg\\\/proaktiv-support-nar-frakten-fran-italien-stoppades-sa-loste-zendr-det\\\/#breadcrumb\",\"itemListElement\":[{\"@type\":\"ListItem\",\"position\":1,\"name\":\"Home\",\"item\":\"https:\\\/\\\/zendr.se\\\/\"},{\"@type\":\"ListItem\",\"position\":2,\"name\":\"Proaktiv support n\u00e4r frakten fr\u00e5n Italien stoppades \u2013 s\u00e5 l\u00f6ste Zendr det\"}]},{\"@type\":\"WebSite\",\"@id\":\"https:\\\/\\\/zendr.se\\\/#website\",\"url\":\"https:\\\/\\\/zendr.se\\\/\",\"name\":\"zendr.se\",\"description\":\"Vi f\u00f6renklar frakt\",\"publisher\":{\"@id\":\"https:\\\/\\\/zendr.se\\\/#organization\"},\"potentialAction\":[{\"@type\":\"SearchAction\",\"target\":{\"@type\":\"EntryPoint\",\"urlTemplate\":\"https:\\\/\\\/zendr.se\\\/?s={search_term_string}\"},\"query-input\":{\"@type\":\"PropertyValueSpecification\",\"valueRequired\":true,\"valueName\":\"search_term_string\"}}],\"inLanguage\":\"nb-NO\"},{\"@type\":\"Organization\",\"@id\":\"https:\\\/\\\/zendr.se\\\/#organization\",\"name\":\"Zendr\",\"url\":\"https:\\\/\\\/zendr.se\\\/\",\"logo\":{\"@type\":\"ImageObject\",\"inLanguage\":\"nb-NO\",\"@id\":\"https:\\\/\\\/zendr.se\\\/#\\\/schema\\\/logo\\\/image\\\/\",\"url\":\"https:\\\/\\\/zendr.se\\\/wp-content\\\/uploads\\\/2025\\\/04\\\/cropped-cropped-Zendr-logo-2.png\",\"contentUrl\":\"https:\\\/\\\/zendr.se\\\/wp-content\\\/uploads\\\/2025\\\/04\\\/cropped-cropped-Zendr-logo-2.png\",\"width\":512,\"height\":119,\"caption\":\"Zendr\"},\"image\":{\"@id\":\"https:\\\/\\\/zendr.se\\\/#\\\/schema\\\/logo\\\/image\\\/\"}},{\"@type\":\"Person\",\"@id\":\"https:\\\/\\\/zendr.se\\\/#\\\/schema\\\/person\\\/22d6f32ddae5bd61273090aee4559c55\",\"name\":\"Jonas Ehne\",\"image\":{\"@type\":\"ImageObject\",\"inLanguage\":\"nb-NO\",\"@id\":\"https:\\\/\\\/secure.gravatar.com\\\/avatar\\\/e5d8bab805f957ecfa03c7f8ff36ac77c4f280e78403ab5932cd11222e7e1f4d?s=96&d=mm&r=g\",\"url\":\"https:\\\/\\\/secure.gravatar.com\\\/avatar\\\/e5d8bab805f957ecfa03c7f8ff36ac77c4f280e78403ab5932cd11222e7e1f4d?s=96&d=mm&r=g\",\"contentUrl\":\"https:\\\/\\\/secure.gravatar.com\\\/avatar\\\/e5d8bab805f957ecfa03c7f8ff36ac77c4f280e78403ab5932cd11222e7e1f4d?s=96&d=mm&r=g\",\"caption\":\"Jonas Ehne\"},\"url\":\"https:\\\/\\\/zendr.se\\\/no\\\/blogg\\\/author\\\/jonas-ehne\\\/\"}]}<\/script>\n<!-- \/ Yoast SEO plugin. -->","yoast_head_json":{"title":"Proaktiv support n\u00e4r frakten fr\u00e5n Italien stoppades \u2013 s\u00e5 l\u00f6ste Zendr det - Zendr - F\u00f6renkla din f\u00f6retagsfrakt","robots":{"index":"index","follow":"follow","max-snippet":"max-snippet:-1","max-image-preview":"max-image-preview:large","max-video-preview":"max-video-preview:-1"},"canonical":"https:\/\/zendr.se\/no\/blogg\/proaktiv-support-nar-frakten-fran-italien-stoppades-sa-loste-zendr-det\/","og_locale":"nb_NO","og_type":"article","og_title":"Proaktiv support n\u00e4r frakten fr\u00e5n Italien stoppades \u2013 s\u00e5 l\u00f6ste Zendr det - Zendr - F\u00f6renkla din f\u00f6retagsfrakt","og_description":"N\u00e4r en frakt fr\u00e5n Italien stoppades s\u00e5 tog v\u00e5r kollega Naomi proaktivt kontakt med kunden och l\u00f6ste problemet.","og_url":"https:\/\/zendr.se\/no\/blogg\/proaktiv-support-nar-frakten-fran-italien-stoppades-sa-loste-zendr-det\/","og_site_name":"Zendr - F\u00f6renkla din f\u00f6retagsfrakt","article_published_time":"2026-01-23T13:52:30+00:00","article_modified_time":"2026-02-17T08:21:43+00:00","og_image":[{"width":1456,"height":816,"url":"https:\/\/zendr.se\/wp-content\/uploads\/2026\/02\/italy_trucks_zendr-1.png","type":"image\/png"}],"author":"Jonas Ehne","twitter_card":"summary_large_image","twitter_misc":{"Skrevet av":"Jonas Ehne","Ansl. lesetid":"3 minutter"},"schema":{"@context":"https:\/\/schema.org","@graph":[{"@type":"Article","@id":"https:\/\/zendr.se\/blogg\/proaktiv-support-nar-frakten-fran-italien-stoppades-sa-loste-zendr-det\/#article","isPartOf":{"@id":"https:\/\/zendr.se\/blogg\/proaktiv-support-nar-frakten-fran-italien-stoppades-sa-loste-zendr-det\/"},"author":{"name":"Jonas Ehne","@id":"https:\/\/zendr.se\/#\/schema\/person\/22d6f32ddae5bd61273090aee4559c55"},"headline":"Proaktiv support n\u00e4r frakten fr\u00e5n Italien stoppades \u2013 s\u00e5 l\u00f6ste Zendr det","datePublished":"2026-01-23T13:52:30+00:00","dateModified":"2026-02-17T08:21:43+00:00","mainEntityOfPage":{"@id":"https:\/\/zendr.se\/blogg\/proaktiv-support-nar-frakten-fran-italien-stoppades-sa-loste-zendr-det\/"},"wordCount":451,"publisher":{"@id":"https:\/\/zendr.se\/#organization"},"image":{"@id":"https:\/\/zendr.se\/blogg\/proaktiv-support-nar-frakten-fran-italien-stoppades-sa-loste-zendr-det\/#primaryimage"},"thumbnailUrl":"https:\/\/zendr.se\/wp-content\/uploads\/2026\/02\/italy_trucks_zendr-1.png","keywords":["Kundsupport IRL"],"articleSection":["Uncategorized"],"inLanguage":"nb-NO"},{"@type":"WebPage","@id":"https:\/\/zendr.se\/blogg\/proaktiv-support-nar-frakten-fran-italien-stoppades-sa-loste-zendr-det\/","url":"https:\/\/zendr.se\/blogg\/proaktiv-support-nar-frakten-fran-italien-stoppades-sa-loste-zendr-det\/","name":"Proaktiv support n\u00e4r frakten fr\u00e5n Italien stoppades \u2013 s\u00e5 l\u00f6ste Zendr det - Zendr - F\u00f6renkla din f\u00f6retagsfrakt","isPartOf":{"@id":"https:\/\/zendr.se\/#website"},"primaryImageOfPage":{"@id":"https:\/\/zendr.se\/blogg\/proaktiv-support-nar-frakten-fran-italien-stoppades-sa-loste-zendr-det\/#primaryimage"},"image":{"@id":"https:\/\/zendr.se\/blogg\/proaktiv-support-nar-frakten-fran-italien-stoppades-sa-loste-zendr-det\/#primaryimage"},"thumbnailUrl":"https:\/\/zendr.se\/wp-content\/uploads\/2026\/02\/italy_trucks_zendr-1.png","datePublished":"2026-01-23T13:52:30+00:00","dateModified":"2026-02-17T08:21:43+00:00","breadcrumb":{"@id":"https:\/\/zendr.se\/blogg\/proaktiv-support-nar-frakten-fran-italien-stoppades-sa-loste-zendr-det\/#breadcrumb"},"inLanguage":"nb-NO","potentialAction":[{"@type":"ReadAction","target":["https:\/\/zendr.se\/blogg\/proaktiv-support-nar-frakten-fran-italien-stoppades-sa-loste-zendr-det\/"]}]},{"@type":"ImageObject","inLanguage":"nb-NO","@id":"https:\/\/zendr.se\/blogg\/proaktiv-support-nar-frakten-fran-italien-stoppades-sa-loste-zendr-det\/#primaryimage","url":"https:\/\/zendr.se\/wp-content\/uploads\/2026\/02\/italy_trucks_zendr-1.png","contentUrl":"https:\/\/zendr.se\/wp-content\/uploads\/2026\/02\/italy_trucks_zendr-1.png","width":1456,"height":816},{"@type":"BreadcrumbList","@id":"https:\/\/zendr.se\/blogg\/proaktiv-support-nar-frakten-fran-italien-stoppades-sa-loste-zendr-det\/#breadcrumb","itemListElement":[{"@type":"ListItem","position":1,"name":"Home","item":"https:\/\/zendr.se\/"},{"@type":"ListItem","position":2,"name":"Proaktiv support n\u00e4r frakten fr\u00e5n Italien stoppades \u2013 s\u00e5 l\u00f6ste Zendr det"}]},{"@type":"WebSite","@id":"https:\/\/zendr.se\/#website","url":"https:\/\/zendr.se\/","name":"zendr.se","description":"Vi forenkler frakt","publisher":{"@id":"https:\/\/zendr.se\/#organization"},"potentialAction":[{"@type":"SearchAction","target":{"@type":"EntryPoint","urlTemplate":"https:\/\/zendr.se\/?s={search_term_string}"},"query-input":{"@type":"PropertyValueSpecification","valueRequired":true,"valueName":"search_term_string"}}],"inLanguage":"nb-NO"},{"@type":"Organization","@id":"https:\/\/zendr.se\/#organization","name":"Zendr","url":"https:\/\/zendr.se\/","logo":{"@type":"ImageObject","inLanguage":"nb-NO","@id":"https:\/\/zendr.se\/#\/schema\/logo\/image\/","url":"https:\/\/zendr.se\/wp-content\/uploads\/2025\/04\/cropped-cropped-Zendr-logo-2.png","contentUrl":"https:\/\/zendr.se\/wp-content\/uploads\/2025\/04\/cropped-cropped-Zendr-logo-2.png","width":512,"height":119,"caption":"Zendr"},"image":{"@id":"https:\/\/zendr.se\/#\/schema\/logo\/image\/"}},{"@type":"Person","@id":"https:\/\/zendr.se\/#\/schema\/person\/22d6f32ddae5bd61273090aee4559c55","name":"Jonas Ehne","image":{"@type":"ImageObject","inLanguage":"nb-NO","@id":"https:\/\/secure.gravatar.com\/avatar\/e5d8bab805f957ecfa03c7f8ff36ac77c4f280e78403ab5932cd11222e7e1f4d?s=96&d=mm&r=g","url":"https:\/\/secure.gravatar.com\/avatar\/e5d8bab805f957ecfa03c7f8ff36ac77c4f280e78403ab5932cd11222e7e1f4d?s=96&d=mm&r=g","contentUrl":"https:\/\/secure.gravatar.com\/avatar\/e5d8bab805f957ecfa03c7f8ff36ac77c4f280e78403ab5932cd11222e7e1f4d?s=96&d=mm&r=g","caption":"Jonas Ehne"},"url":"https:\/\/zendr.se\/no\/blogg\/author\/jonas-ehne\/"}]}},"jetpack_featured_media_url":"https:\/\/zendr.se\/wp-content\/uploads\/2026\/02\/italy_trucks_zendr-1.png","_links":{"self":[{"href":"https:\/\/zendr.se\/no\/wp-json\/wp\/v2\/posts\/8387","targetHints":{"allow":["GET"]}}],"collection":[{"href":"https:\/\/zendr.se\/no\/wp-json\/wp\/v2\/posts"}],"about":[{"href":"https:\/\/zendr.se\/no\/wp-json\/wp\/v2\/types\/post"}],"author":[{"embeddable":true,"href":"https:\/\/zendr.se\/no\/wp-json\/wp\/v2\/users\/13"}],"replies":[{"embeddable":true,"href":"https:\/\/zendr.se\/no\/wp-json\/wp\/v2\/comments?post=8387"}],"version-history":[{"count":14,"href":"https:\/\/zendr.se\/no\/wp-json\/wp\/v2\/posts\/8387\/revisions"}],"predecessor-version":[{"id":8402,"href":"https:\/\/zendr.se\/no\/wp-json\/wp\/v2\/posts\/8387\/revisions\/8402"}],"wp:featuredmedia":[{"embeddable":true,"href":"https:\/\/zendr.se\/no\/wp-json\/wp\/v2\/media\/8388"}],"wp:attachment":[{"href":"https:\/\/zendr.se\/no\/wp-json\/wp\/v2\/media?parent=8387"}],"wp:term":[{"taxonomy":"category","embeddable":true,"href":"https:\/\/zendr.se\/no\/wp-json\/wp\/v2\/categories?post=8387"},{"taxonomy":"post_tag","embeddable":true,"href":"https:\/\/zendr.se\/no\/wp-json\/wp\/v2\/tags?post=8387"}],"curies":[{"name":"wp","href":"https:\/\/api.w.org\/{rel}","templated":true}]}}