{"id":8403,"date":"2026-02-03T14:58:11","date_gmt":"2026-02-03T13:58:11","guid":{"rendered":"https:\/\/zendr.se\/?p=8403"},"modified":"2026-02-17T09:20:41","modified_gmt":"2026-02-17T08:20:41","slug":"det-ar-ni-som-ar-var-sweetspot-sma-och-medelstora-foretag-med-mycket-frakt","status":"publish","type":"post","link":"https:\/\/zendr.se\/no\/blogg\/det-ar-ni-som-ar-var-sweetspot-sma-och-medelstora-foretag-med-mycket-frakt\/","title":{"rendered":"Dere er v\u00e5r sweet spot \u2013 sm\u00e5 og mellomstore bedrifter med mye frakt"},"content":{"rendered":"<div data-elementor-type=\"wp-post\" data-elementor-id=\"8403\" class=\"elementor elementor-8403\" data-elementor-post-type=\"post\">\n\t\t\t\t<div class=\"elementor-element elementor-element-1abde4fa e-flex e-con-boxed e-con e-parent\" data-id=\"1abde4fa\" data-element_type=\"container\" data-e-type=\"container\">\n\t\t\t\t\t<div class=\"e-con-inner\">\n\t\t\t\t<div class=\"elementor-element elementor-element-548f5ec1 elementor-widget elementor-widget-text-editor\" data-id=\"548f5ec1\" data-element_type=\"widget\" data-e-type=\"widget\" data-widget_type=\"text-editor.default\">\n\t\t\t\t<div class=\"elementor-widget-container\">\n\t\t\t\t\t\t\t\t\t<p>Alle som sender noe av og til, trenger ikke en partner for sin logistikk. V\u00e5r administrerende direkt\u00f8r Johan Sund er tydelig p\u00e5 at Zendr har en ganske snever, men tydelig, nisje.<\/p>\n<p><!-- \/wp:paragraph --><\/p>\n<p><!-- wp:paragraph --><\/p>\n<p>\u2013 Vi passer best for bedrifter som sender mye \u2013 og som f\u00f8ler at frakten har blitt viktig nok til \u00e5 fortjene en seri\u00f8s l\u00f8sning, sier Johan.<\/p>\n<p><!-- \/wp:paragraph --><\/p>\n<p><!-- wp:paragraph --><\/p>\n<p>Det handler om selskaper akkurat som deres, der frakt ikke bare er en kostnad, men en del av kundel\u00f8ftet. Der for eksempel en levering som ikke kommer frem i tide kan p\u00e5virke en produksjonslinje, et byggeprosjekt eller en viderelevering til sluttkunde.<\/p>\n<p><!-- \/wp:paragraph --><\/p>\n<p><!-- wp:paragraph --><\/p>\n<p>Derfor ser Zendr seg heller som <strong>fraktpartner<\/strong> enn som en ren systemleverand\u00f8r. Kombinasjonen av en smidig fraktportal, engasjert kundest\u00f8tte og kontinuerlig kunnskapsoverf\u00f8ring er n\u00f8kkelen.<\/p>\n<p>\u00a0<\/p>\n<p><!-- \/wp:paragraph --><\/p>\n<p><!-- wp:heading {\"level\":3} --><\/p>\n<h3 class=\"wp-block-heading\"><strong>Systemet koster ingenting \u2013 forretningen ligger i volumet<\/strong><\/h3>\n<p><!-- \/wp:heading --><\/p>\n<p><!-- wp:paragraph --><\/p>\n<p>\u2013 Vi tjener penger p\u00e5 frakten. V\u00e5r margin ligger i fraktprisen, ikke i systemlisenser.<\/p>\n<p><!-- \/wp:paragraph --><\/p>\n<p><!-- wp:paragraph --><\/p>\n<p>Dette inneb\u00e6rer at vi kun er langsiktig relevante for dere dersom dere opplever at <strong>totalkostnaden<\/strong> blir bedre med Zendr enn med andre alternativer. Alts\u00e5 mer enn bare fraktprisen \u2013 ogs\u00e5 inkludert tiden for h\u00e5ndtering av frakten, for \u00e5 ordne opp i eventuelle feil, for \u00e5 h\u00e5ndtere misforn\u00f8yde kunder.<\/p>\n<p>For at vi p\u00e5 Zendr skal lykkes, m\u00e5 vi tilby dere mer kontroll, lavere fraktkostnader og smidigere frakt.\u00a0<\/p>\n<p><!-- \/wp:paragraph --><\/p>\n<p><!-- wp:paragraph --><\/p>\n<p>Ved \u00e5 samle volumer fra mange bedrifter kan vi presse prisniv\u00e5et for dere, men forretningsmodellen v\u00e5r bygger like mye p\u00e5 \u00e5 pakke pris, kvalitet og service i et helhetstilbud som fungerer for bedrifter som sender ofte.<\/p>\n<p>\u00a0<\/p>\n<p><!-- \/wp:paragraph --><\/p>\n<p><!-- wp:heading {\"level\":3} --><\/p>\n<h3 class=\"wp-block-heading\"><strong>For dere som trenger en partner<\/strong><\/h3>\n<p><!-- \/wp:heading --><\/p>\n<p><!-- wp:paragraph --><\/p>\n<p>Johan oppsummerer m\u00e5lgruppen slik:<\/p>\n<p><!-- \/wp:paragraph --><\/p>\n<p><!-- wp:list --><\/p>\n<ul class=\"wp-block-list\">\n<li style=\"list-style-type: none;\">\n<ul class=\"wp-block-list\"><!-- wp:list-item --><\/ul>\n<\/li>\n<\/ul>\n<p>\u00a0<\/p>\n<ul class=\"wp-block-list\">\n<li style=\"list-style-type: none;\">\n<ul class=\"wp-block-list\">\n<li>B2B-selskaper med betydelig fraktvolum.<\/li>\n<\/ul>\n<\/li>\n<\/ul>\n<p><!-- \/wp:list-item --><\/p>\n<p><!-- wp:list-item --><\/p>\n<ul class=\"wp-block-list\">\n<li style=\"list-style-type: none;\">\n<ul class=\"wp-block-list\">\n<li>Som oftest har en blanding av pakker, pall og tyngre gods.<\/li>\n<\/ul>\n<\/li>\n<\/ul>\n<p><!-- \/wp:list-item --><\/p>\n<p><!-- wp:list-item --><\/p>\n<ul class=\"wp-block-list\">\n<li style=\"list-style-type: none;\">\n<ul class=\"wp-block-list\">\n<li>Som har b\u00e5de innenriks og utenriks frakt i samme hverdag.<\/li>\n<\/ul>\n<\/li>\n<\/ul>\n<p><!-- \/wp:list-item --><\/p>\n<p><!-- \/wp:list --><\/p>\n<p><!-- wp:paragraph --><\/p>\n<p>For dere holder det sjelden med et enkelt bookingsystem for frakten. Sp\u00f8rsm\u00e5lene som dukker opp handler mer om flyter, ansvar og kundel\u00f8fter.<\/p>\n<p><!-- \/wp:paragraph --><\/p>\n<p><!-- wp:paragraph --><\/p>\n<p><strong>\u2013 V\u00e5re beste kunderelasjoner er med selskaper som innser at logistikken p\u00e5virker merkevaren deres. De \u00f8nsker ikke \u2018billigst i dag\u2019, de \u00f8nsker en l\u00f8sning som varer.<\/strong><\/p>\n<p><strong>\u00a0<\/strong><\/p>\n<p><!-- \/wp:paragraph --><\/p>\n<p><!-- wp:heading {\"level\":3} --><\/p>\n<h3 class=\"wp-block-heading\"><strong>Relasjon, ikke bare onboarding i fraktsystem<\/strong><\/h3>\n<p><!-- \/wp:heading --><\/p>\n<p><!-- wp:paragraph --><\/p>\n<p>Zendrs arbeidsmetode f\u00f8lger den samme logikken. F\u00f8rste steg er \u00e5 forst\u00e5 kundens flyt: hva som sendes, hvor det skal, hvilke krav som finnes til leveringstid og kundeopplevelse. Derfra formes et oppsett i portalen, med de rette tjenestene, standardvalg og eventuelle integrasjoner.<\/p>\n<p><!-- \/wp:paragraph --><\/p>\n<p><!-- wp:paragraph --><\/p>\n<p>Men forholdet stopper ikke der.<\/p>\n<p><!-- \/wp:paragraph --><\/p>\n<p><!-- wp:paragraph --><\/p>\n<p><strong>\u2013 Vi \u00f8nsker ikke \u00e5 slippe taket etter at du har kommet i gang. Det er jo n\u00e5r volumene ruller at b\u00e5de problemene og mulighetene dukker opp p\u00e5 ordentlig, sier Johan.<\/strong><\/p>\n<p><!-- \/wp:paragraph --><\/p>\n<p><!-- wp:paragraph --><\/p>\n<p>Dette kan dreie seg om \u00e5 oppdage at ekspressalternativet brukes for ofte, at visse markeder skiller seg ut kostnadsmessig, eller at selskapet er p\u00e5 vei inn i en fase med helt nye krav.<\/p>\n<p>\u00a0<\/p>\n<p><!-- \/wp:paragraph --><\/p>\n<p><!-- wp:heading {\"level\":3} --><\/p>\n<h3 class=\"wp-block-heading\"><strong>Et tilbud for bedrifter som tar logistikk p\u00e5 alvor<\/strong><\/h3>\n<p><!-- \/wp:heading --><\/p>\n<p><!-- wp:paragraph --><\/p>\n<p>Oppsummert beskriver Johan Zendrs tilbud som en st\u00f8tte for bedrifter som \u00f8nsker \u00e5 ta bedriftsfrakten sin like alvorlig som salg, innkj\u00f8p eller produksjon.<\/p>\n<p><!-- \/wp:paragraph --><\/p>\n<p><!-- wp:paragraph --><\/p>\n<p><strong>\u2013 Vi vil v\u00e6re den partneren du ringer n\u00e5r du f\u00f8ler at frakten har blitt for viktig til \u00e5 tas p\u00e5 f\u00f8lelsen.<\/strong><\/p>\n<p><!-- \/wp:paragraph --><\/p>\n<p><!-- wp:paragraph --><\/p>\n<p>For bedrifter som befinner seg akkurat der \u2013 med mye gods, h\u00f8ye krav og en hverdag der logistikken merkes \u2013 er det akkurat der Zendr \u00f8nsker \u00e5 v\u00e6re: midt i str\u00f8mmen, som fraktpartner.<\/p>\n<p><!-- \/wp:paragraph --><\/p>\t\t\t\t\t\t\t\t<\/div>\n\t\t\t\t<\/div>\n\t\t\t\t\t<\/div>\n\t\t\t\t<\/div>\n\t\t\t\t<\/div>","protected":false},"excerpt":{"rendered":"<p>V\u00e5r administrerende direkt\u00f8r Johan Sund forteller om hvilke typer bedrifter Zendr er skapt for. Hva som kjennetegner dem og hvordan vi hjelper dem!<\/p>","protected":false},"author":13,"featured_media":8404,"comment_status":"closed","ping_status":"closed","sticky":false,"template":"","format":"standard","meta":{"_acf_changed":false,"footnotes":""},"categories":[1],"tags":[57],"class_list":["post-8403","post","type-post","status-publish","format-standard","has-post-thumbnail","hentry","category-uncategorized","tag-vd-har-ordet"],"acf":[],"yoast_head":"<!-- This site is optimized with the Yoast SEO plugin v27.5 - https:\/\/yoast.com\/product\/yoast-seo-wordpress\/ -->\n<title>Det \u00e4r ni som \u00e4r v\u00e5r sweetspot \u2013 sm\u00e5 och medelstora f\u00f6retag med mycket frakt - Zendr - F\u00f6renkla din f\u00f6retagsfrakt<\/title>\n<meta name=\"robots\" content=\"index, follow, max-snippet:-1, max-image-preview:large, max-video-preview:-1\" \/>\n<link rel=\"canonical\" href=\"https:\/\/zendr.se\/no\/blogg\/det-ar-ni-som-ar-var-sweetspot-sma-och-medelstora-foretag-med-mycket-frakt\/\" \/>\n<meta property=\"og:locale\" content=\"nb_NO\" \/>\n<meta property=\"og:type\" content=\"article\" \/>\n<meta property=\"og:title\" content=\"Det \u00e4r ni som \u00e4r v\u00e5r sweetspot \u2013 sm\u00e5 och medelstora f\u00f6retag med mycket frakt - Zendr - F\u00f6renkla din f\u00f6retagsfrakt\" \/>\n<meta property=\"og:description\" content=\"V\u00e5r vd Johan Sund ber\u00e4ttar om vilka sorters f\u00f6retag Zendr \u00e4r skapat f\u00f6r. Vad som k\u00e4nnetecknar dem och hur vi hj\u00e4lper dem!\" \/>\n<meta property=\"og:url\" content=\"https:\/\/zendr.se\/no\/blogg\/det-ar-ni-som-ar-var-sweetspot-sma-och-medelstora-foretag-med-mycket-frakt\/\" \/>\n<meta property=\"og:site_name\" content=\"Zendr - F\u00f6renkla din f\u00f6retagsfrakt\" \/>\n<meta property=\"article:published_time\" content=\"2026-02-03T13:58:11+00:00\" \/>\n<meta property=\"article:modified_time\" content=\"2026-02-17T08:20:41+00:00\" \/>\n<meta property=\"og:image\" content=\"https:\/\/zendr.se\/wp-content\/uploads\/2026\/02\/co_founders_zendr.jpg\" \/>\n\t<meta property=\"og:image:width\" content=\"2000\" \/>\n\t<meta property=\"og:image:height\" content=\"1088\" \/>\n\t<meta property=\"og:image:type\" content=\"image\/jpeg\" \/>\n<meta name=\"author\" content=\"Jonas Ehne\" \/>\n<meta name=\"twitter:card\" content=\"summary_large_image\" \/>\n<meta name=\"twitter:label1\" content=\"Skrevet av\" \/>\n\t<meta name=\"twitter:data1\" content=\"Jonas Ehne\" \/>\n\t<meta name=\"twitter:label2\" content=\"Ansl. lesetid\" \/>\n\t<meta name=\"twitter:data2\" content=\"3 minutter\" \/>\n<script type=\"application\/ld+json\" class=\"yoast-schema-graph\">{\"@context\":\"https:\\\/\\\/schema.org\",\"@graph\":[{\"@type\":\"Article\",\"@id\":\"https:\\\/\\\/zendr.se\\\/blogg\\\/det-ar-ni-som-ar-var-sweetspot-sma-och-medelstora-foretag-med-mycket-frakt\\\/#article\",\"isPartOf\":{\"@id\":\"https:\\\/\\\/zendr.se\\\/blogg\\\/det-ar-ni-som-ar-var-sweetspot-sma-och-medelstora-foretag-med-mycket-frakt\\\/\"},\"author\":{\"name\":\"Jonas Ehne\",\"@id\":\"https:\\\/\\\/zendr.se\\\/#\\\/schema\\\/person\\\/22d6f32ddae5bd61273090aee4559c55\"},\"headline\":\"Det \u00e4r ni som \u00e4r v\u00e5r sweetspot \u2013 sm\u00e5 och medelstora f\u00f6retag med mycket frakt\",\"datePublished\":\"2026-02-03T13:58:11+00:00\",\"dateModified\":\"2026-02-17T08:20:41+00:00\",\"mainEntityOfPage\":{\"@id\":\"https:\\\/\\\/zendr.se\\\/blogg\\\/det-ar-ni-som-ar-var-sweetspot-sma-och-medelstora-foretag-med-mycket-frakt\\\/\"},\"wordCount\":653,\"publisher\":{\"@id\":\"https:\\\/\\\/zendr.se\\\/#organization\"},\"image\":{\"@id\":\"https:\\\/\\\/zendr.se\\\/blogg\\\/det-ar-ni-som-ar-var-sweetspot-sma-och-medelstora-foretag-med-mycket-frakt\\\/#primaryimage\"},\"thumbnailUrl\":\"https:\\\/\\\/zendr.se\\\/wp-content\\\/uploads\\\/2026\\\/02\\\/co_founders_zendr.jpg\",\"keywords\":[\"Vd har ordet\"],\"articleSection\":[\"Uncategorized\"],\"inLanguage\":\"nb-NO\"},{\"@type\":\"WebPage\",\"@id\":\"https:\\\/\\\/zendr.se\\\/blogg\\\/det-ar-ni-som-ar-var-sweetspot-sma-och-medelstora-foretag-med-mycket-frakt\\\/\",\"url\":\"https:\\\/\\\/zendr.se\\\/blogg\\\/det-ar-ni-som-ar-var-sweetspot-sma-och-medelstora-foretag-med-mycket-frakt\\\/\",\"name\":\"Det \u00e4r ni som \u00e4r v\u00e5r sweetspot \u2013 sm\u00e5 och medelstora f\u00f6retag med mycket frakt - Zendr - F\u00f6renkla din f\u00f6retagsfrakt\",\"isPartOf\":{\"@id\":\"https:\\\/\\\/zendr.se\\\/#website\"},\"primaryImageOfPage\":{\"@id\":\"https:\\\/\\\/zendr.se\\\/blogg\\\/det-ar-ni-som-ar-var-sweetspot-sma-och-medelstora-foretag-med-mycket-frakt\\\/#primaryimage\"},\"image\":{\"@id\":\"https:\\\/\\\/zendr.se\\\/blogg\\\/det-ar-ni-som-ar-var-sweetspot-sma-och-medelstora-foretag-med-mycket-frakt\\\/#primaryimage\"},\"thumbnailUrl\":\"https:\\\/\\\/zendr.se\\\/wp-content\\\/uploads\\\/2026\\\/02\\\/co_founders_zendr.jpg\",\"datePublished\":\"2026-02-03T13:58:11+00:00\",\"dateModified\":\"2026-02-17T08:20:41+00:00\",\"breadcrumb\":{\"@id\":\"https:\\\/\\\/zendr.se\\\/blogg\\\/det-ar-ni-som-ar-var-sweetspot-sma-och-medelstora-foretag-med-mycket-frakt\\\/#breadcrumb\"},\"inLanguage\":\"nb-NO\",\"potentialAction\":[{\"@type\":\"ReadAction\",\"target\":[\"https:\\\/\\\/zendr.se\\\/blogg\\\/det-ar-ni-som-ar-var-sweetspot-sma-och-medelstora-foretag-med-mycket-frakt\\\/\"]}]},{\"@type\":\"ImageObject\",\"inLanguage\":\"nb-NO\",\"@id\":\"https:\\\/\\\/zendr.se\\\/blogg\\\/det-ar-ni-som-ar-var-sweetspot-sma-och-medelstora-foretag-med-mycket-frakt\\\/#primaryimage\",\"url\":\"https:\\\/\\\/zendr.se\\\/wp-content\\\/uploads\\\/2026\\\/02\\\/co_founders_zendr.jpg\",\"contentUrl\":\"https:\\\/\\\/zendr.se\\\/wp-content\\\/uploads\\\/2026\\\/02\\\/co_founders_zendr.jpg\",\"width\":2000,\"height\":1088,\"caption\":\"Johan Sund till v\u00e4nster och Mathias Rebane till h\u00f6ger.\"},{\"@type\":\"BreadcrumbList\",\"@id\":\"https:\\\/\\\/zendr.se\\\/blogg\\\/det-ar-ni-som-ar-var-sweetspot-sma-och-medelstora-foretag-med-mycket-frakt\\\/#breadcrumb\",\"itemListElement\":[{\"@type\":\"ListItem\",\"position\":1,\"name\":\"Home\",\"item\":\"https:\\\/\\\/zendr.se\\\/\"},{\"@type\":\"ListItem\",\"position\":2,\"name\":\"Det \u00e4r ni som \u00e4r v\u00e5r sweetspot \u2013 sm\u00e5 och medelstora f\u00f6retag med mycket frakt\"}]},{\"@type\":\"WebSite\",\"@id\":\"https:\\\/\\\/zendr.se\\\/#website\",\"url\":\"https:\\\/\\\/zendr.se\\\/\",\"name\":\"zendr.se\",\"description\":\"Vi f\u00f6renklar frakt\",\"publisher\":{\"@id\":\"https:\\\/\\\/zendr.se\\\/#organization\"},\"potentialAction\":[{\"@type\":\"SearchAction\",\"target\":{\"@type\":\"EntryPoint\",\"urlTemplate\":\"https:\\\/\\\/zendr.se\\\/?s={search_term_string}\"},\"query-input\":{\"@type\":\"PropertyValueSpecification\",\"valueRequired\":true,\"valueName\":\"search_term_string\"}}],\"inLanguage\":\"nb-NO\"},{\"@type\":\"Organization\",\"@id\":\"https:\\\/\\\/zendr.se\\\/#organization\",\"name\":\"Zendr\",\"url\":\"https:\\\/\\\/zendr.se\\\/\",\"logo\":{\"@type\":\"ImageObject\",\"inLanguage\":\"nb-NO\",\"@id\":\"https:\\\/\\\/zendr.se\\\/#\\\/schema\\\/logo\\\/image\\\/\",\"url\":\"https:\\\/\\\/zendr.se\\\/wp-content\\\/uploads\\\/2025\\\/04\\\/cropped-cropped-Zendr-logo-2.png\",\"contentUrl\":\"https:\\\/\\\/zendr.se\\\/wp-content\\\/uploads\\\/2025\\\/04\\\/cropped-cropped-Zendr-logo-2.png\",\"width\":512,\"height\":119,\"caption\":\"Zendr\"},\"image\":{\"@id\":\"https:\\\/\\\/zendr.se\\\/#\\\/schema\\\/logo\\\/image\\\/\"}},{\"@type\":\"Person\",\"@id\":\"https:\\\/\\\/zendr.se\\\/#\\\/schema\\\/person\\\/22d6f32ddae5bd61273090aee4559c55\",\"name\":\"Jonas Ehne\",\"image\":{\"@type\":\"ImageObject\",\"inLanguage\":\"nb-NO\",\"@id\":\"https:\\\/\\\/secure.gravatar.com\\\/avatar\\\/e5d8bab805f957ecfa03c7f8ff36ac77c4f280e78403ab5932cd11222e7e1f4d?s=96&d=mm&r=g\",\"url\":\"https:\\\/\\\/secure.gravatar.com\\\/avatar\\\/e5d8bab805f957ecfa03c7f8ff36ac77c4f280e78403ab5932cd11222e7e1f4d?s=96&d=mm&r=g\",\"contentUrl\":\"https:\\\/\\\/secure.gravatar.com\\\/avatar\\\/e5d8bab805f957ecfa03c7f8ff36ac77c4f280e78403ab5932cd11222e7e1f4d?s=96&d=mm&r=g\",\"caption\":\"Jonas Ehne\"},\"url\":\"https:\\\/\\\/zendr.se\\\/no\\\/blogg\\\/author\\\/jonas-ehne\\\/\"}]}<\/script>\n<!-- \/ Yoast SEO plugin. -->","yoast_head_json":{"title":"Det \u00e4r ni som \u00e4r v\u00e5r sweetspot \u2013 sm\u00e5 och medelstora f\u00f6retag med mycket frakt - Zendr - F\u00f6renkla din f\u00f6retagsfrakt","robots":{"index":"index","follow":"follow","max-snippet":"max-snippet:-1","max-image-preview":"max-image-preview:large","max-video-preview":"max-video-preview:-1"},"canonical":"https:\/\/zendr.se\/no\/blogg\/det-ar-ni-som-ar-var-sweetspot-sma-och-medelstora-foretag-med-mycket-frakt\/","og_locale":"nb_NO","og_type":"article","og_title":"Det \u00e4r ni som \u00e4r v\u00e5r sweetspot \u2013 sm\u00e5 och medelstora f\u00f6retag med mycket frakt - Zendr - F\u00f6renkla din f\u00f6retagsfrakt","og_description":"V\u00e5r vd Johan Sund ber\u00e4ttar om vilka sorters f\u00f6retag Zendr \u00e4r skapat f\u00f6r. Vad som k\u00e4nnetecknar dem och hur vi hj\u00e4lper dem!","og_url":"https:\/\/zendr.se\/no\/blogg\/det-ar-ni-som-ar-var-sweetspot-sma-och-medelstora-foretag-med-mycket-frakt\/","og_site_name":"Zendr - F\u00f6renkla din f\u00f6retagsfrakt","article_published_time":"2026-02-03T13:58:11+00:00","article_modified_time":"2026-02-17T08:20:41+00:00","og_image":[{"width":2000,"height":1088,"url":"https:\/\/zendr.se\/wp-content\/uploads\/2026\/02\/co_founders_zendr.jpg","type":"image\/jpeg"}],"author":"Jonas Ehne","twitter_card":"summary_large_image","twitter_misc":{"Skrevet av":"Jonas Ehne","Ansl. lesetid":"3 minutter"},"schema":{"@context":"https:\/\/schema.org","@graph":[{"@type":"Article","@id":"https:\/\/zendr.se\/blogg\/det-ar-ni-som-ar-var-sweetspot-sma-och-medelstora-foretag-med-mycket-frakt\/#article","isPartOf":{"@id":"https:\/\/zendr.se\/blogg\/det-ar-ni-som-ar-var-sweetspot-sma-och-medelstora-foretag-med-mycket-frakt\/"},"author":{"name":"Jonas Ehne","@id":"https:\/\/zendr.se\/#\/schema\/person\/22d6f32ddae5bd61273090aee4559c55"},"headline":"Det \u00e4r ni som \u00e4r v\u00e5r sweetspot \u2013 sm\u00e5 och medelstora f\u00f6retag med mycket frakt","datePublished":"2026-02-03T13:58:11+00:00","dateModified":"2026-02-17T08:20:41+00:00","mainEntityOfPage":{"@id":"https:\/\/zendr.se\/blogg\/det-ar-ni-som-ar-var-sweetspot-sma-och-medelstora-foretag-med-mycket-frakt\/"},"wordCount":653,"publisher":{"@id":"https:\/\/zendr.se\/#organization"},"image":{"@id":"https:\/\/zendr.se\/blogg\/det-ar-ni-som-ar-var-sweetspot-sma-och-medelstora-foretag-med-mycket-frakt\/#primaryimage"},"thumbnailUrl":"https:\/\/zendr.se\/wp-content\/uploads\/2026\/02\/co_founders_zendr.jpg","keywords":["Vd har ordet"],"articleSection":["Uncategorized"],"inLanguage":"nb-NO"},{"@type":"WebPage","@id":"https:\/\/zendr.se\/blogg\/det-ar-ni-som-ar-var-sweetspot-sma-och-medelstora-foretag-med-mycket-frakt\/","url":"https:\/\/zendr.se\/blogg\/det-ar-ni-som-ar-var-sweetspot-sma-och-medelstora-foretag-med-mycket-frakt\/","name":"Det \u00e4r ni som \u00e4r v\u00e5r sweetspot \u2013 sm\u00e5 och medelstora f\u00f6retag med mycket frakt - Zendr - F\u00f6renkla din f\u00f6retagsfrakt","isPartOf":{"@id":"https:\/\/zendr.se\/#website"},"primaryImageOfPage":{"@id":"https:\/\/zendr.se\/blogg\/det-ar-ni-som-ar-var-sweetspot-sma-och-medelstora-foretag-med-mycket-frakt\/#primaryimage"},"image":{"@id":"https:\/\/zendr.se\/blogg\/det-ar-ni-som-ar-var-sweetspot-sma-och-medelstora-foretag-med-mycket-frakt\/#primaryimage"},"thumbnailUrl":"https:\/\/zendr.se\/wp-content\/uploads\/2026\/02\/co_founders_zendr.jpg","datePublished":"2026-02-03T13:58:11+00:00","dateModified":"2026-02-17T08:20:41+00:00","breadcrumb":{"@id":"https:\/\/zendr.se\/blogg\/det-ar-ni-som-ar-var-sweetspot-sma-och-medelstora-foretag-med-mycket-frakt\/#breadcrumb"},"inLanguage":"nb-NO","potentialAction":[{"@type":"ReadAction","target":["https:\/\/zendr.se\/blogg\/det-ar-ni-som-ar-var-sweetspot-sma-och-medelstora-foretag-med-mycket-frakt\/"]}]},{"@type":"ImageObject","inLanguage":"nb-NO","@id":"https:\/\/zendr.se\/blogg\/det-ar-ni-som-ar-var-sweetspot-sma-och-medelstora-foretag-med-mycket-frakt\/#primaryimage","url":"https:\/\/zendr.se\/wp-content\/uploads\/2026\/02\/co_founders_zendr.jpg","contentUrl":"https:\/\/zendr.se\/wp-content\/uploads\/2026\/02\/co_founders_zendr.jpg","width":2000,"height":1088,"caption":"Johan Sund till v\u00e4nster och Mathias Rebane till h\u00f6ger."},{"@type":"BreadcrumbList","@id":"https:\/\/zendr.se\/blogg\/det-ar-ni-som-ar-var-sweetspot-sma-och-medelstora-foretag-med-mycket-frakt\/#breadcrumb","itemListElement":[{"@type":"ListItem","position":1,"name":"Home","item":"https:\/\/zendr.se\/"},{"@type":"ListItem","position":2,"name":"Det \u00e4r ni som \u00e4r v\u00e5r sweetspot \u2013 sm\u00e5 och medelstora f\u00f6retag med mycket frakt"}]},{"@type":"WebSite","@id":"https:\/\/zendr.se\/#website","url":"https:\/\/zendr.se\/","name":"zendr.se","description":"Vi forenkler frakt","publisher":{"@id":"https:\/\/zendr.se\/#organization"},"potentialAction":[{"@type":"SearchAction","target":{"@type":"EntryPoint","urlTemplate":"https:\/\/zendr.se\/?s={search_term_string}"},"query-input":{"@type":"PropertyValueSpecification","valueRequired":true,"valueName":"search_term_string"}}],"inLanguage":"nb-NO"},{"@type":"Organization","@id":"https:\/\/zendr.se\/#organization","name":"Zendr","url":"https:\/\/zendr.se\/","logo":{"@type":"ImageObject","inLanguage":"nb-NO","@id":"https:\/\/zendr.se\/#\/schema\/logo\/image\/","url":"https:\/\/zendr.se\/wp-content\/uploads\/2025\/04\/cropped-cropped-Zendr-logo-2.png","contentUrl":"https:\/\/zendr.se\/wp-content\/uploads\/2025\/04\/cropped-cropped-Zendr-logo-2.png","width":512,"height":119,"caption":"Zendr"},"image":{"@id":"https:\/\/zendr.se\/#\/schema\/logo\/image\/"}},{"@type":"Person","@id":"https:\/\/zendr.se\/#\/schema\/person\/22d6f32ddae5bd61273090aee4559c55","name":"Jonas Ehne","image":{"@type":"ImageObject","inLanguage":"nb-NO","@id":"https:\/\/secure.gravatar.com\/avatar\/e5d8bab805f957ecfa03c7f8ff36ac77c4f280e78403ab5932cd11222e7e1f4d?s=96&d=mm&r=g","url":"https:\/\/secure.gravatar.com\/avatar\/e5d8bab805f957ecfa03c7f8ff36ac77c4f280e78403ab5932cd11222e7e1f4d?s=96&d=mm&r=g","contentUrl":"https:\/\/secure.gravatar.com\/avatar\/e5d8bab805f957ecfa03c7f8ff36ac77c4f280e78403ab5932cd11222e7e1f4d?s=96&d=mm&r=g","caption":"Jonas Ehne"},"url":"https:\/\/zendr.se\/no\/blogg\/author\/jonas-ehne\/"}]}},"jetpack_featured_media_url":"https:\/\/zendr.se\/wp-content\/uploads\/2026\/02\/co_founders_zendr.jpg","_links":{"self":[{"href":"https:\/\/zendr.se\/no\/wp-json\/wp\/v2\/posts\/8403","targetHints":{"allow":["GET"]}}],"collection":[{"href":"https:\/\/zendr.se\/no\/wp-json\/wp\/v2\/posts"}],"about":[{"href":"https:\/\/zendr.se\/no\/wp-json\/wp\/v2\/types\/post"}],"author":[{"embeddable":true,"href":"https:\/\/zendr.se\/no\/wp-json\/wp\/v2\/users\/13"}],"replies":[{"embeddable":true,"href":"https:\/\/zendr.se\/no\/wp-json\/wp\/v2\/comments?post=8403"}],"version-history":[{"count":14,"href":"https:\/\/zendr.se\/no\/wp-json\/wp\/v2\/posts\/8403\/revisions"}],"predecessor-version":[{"id":8434,"href":"https:\/\/zendr.se\/no\/wp-json\/wp\/v2\/posts\/8403\/revisions\/8434"}],"wp:featuredmedia":[{"embeddable":true,"href":"https:\/\/zendr.se\/no\/wp-json\/wp\/v2\/media\/8404"}],"wp:attachment":[{"href":"https:\/\/zendr.se\/no\/wp-json\/wp\/v2\/media?parent=8403"}],"wp:term":[{"taxonomy":"category","embeddable":true,"href":"https:\/\/zendr.se\/no\/wp-json\/wp\/v2\/categories?post=8403"},{"taxonomy":"post_tag","embeddable":true,"href":"https:\/\/zendr.se\/no\/wp-json\/wp\/v2\/tags?post=8403"}],"curies":[{"name":"wp","href":"https:\/\/api.w.org\/{rel}","templated":true}]}}