{"id":8419,"date":"2026-02-13T15:30:01","date_gmt":"2026-02-13T14:30:01","guid":{"rendered":"https:\/\/zendr.se\/?p=8419"},"modified":"2026-02-17T09:16:45","modified_gmt":"2026-02-17T08:16:45","slug":"mot-var-cto-denis-hjarnan-bakom-zendr-portalens-nasta-kapitel","status":"publish","type":"post","link":"https:\/\/zendr.se\/no\/blogg\/mot-var-cto-denis-hjarnan-bakom-zendr-portalens-nasta-kapitel\/","title":{"rendered":"M\u00f8t v\u00e5r teknologidirekt\u00f8r Denis \u2013 hjernen bak neste kapittel av Zendr-portalen"},"content":{"rendered":"\t\t<div data-elementor-type=\"wp-post\" data-elementor-id=\"8419\" class=\"elementor elementor-8419\" data-elementor-post-type=\"post\">\n\t\t\t\t<div class=\"elementor-element elementor-element-728f680e e-flex e-con-boxed e-con e-parent\" data-id=\"728f680e\" data-element_type=\"container\" data-e-type=\"container\">\n\t\t\t\t\t<div class=\"e-con-inner\">\n\t\t\t\t<div class=\"elementor-element elementor-element-4d35c83b elementor-widget elementor-widget-text-editor\" data-id=\"4d35c83b\" data-element_type=\"widget\" data-e-type=\"widget\" data-widget_type=\"text-editor.default\">\n\t\t\t\t<div class=\"elementor-widget-container\">\n\t\t\t\t\t\t\t\t\t\n<p>N\u00e4r Denis Golubovic klev in genom d\u00f6rren p\u00e5 Zendr var tech-teamet bara tv\u00e5 personer. I dag \u00e4r de omkring 25 personer och \u00e4r mitt i arbetet med att bygga en helt ny plattform som ska ta Zendr in i n\u00e4sta fas.\u00a0<\/p>\n\n<p>Det h\u00e4r \u00e4r ber\u00e4ttelsen om Denis &#8211; om resan fr\u00e5n konsult till CTO, hans syn p\u00e5 ledarskap och varf\u00f6r 2026 blir \u00e5ret d\u00e5 Portal 2.0 blir till verklighet.\u00a0<\/p>\n\n<h2 class=\"wp-block-heading\">Vem \u00e4r Denis?<\/h2>\n\n<p>Denis \u00e4r civilingenj\u00f6r utbildad i Link\u00f6ping och har jobbat som utvecklare sedan 2015. Under flera \u00e5r drev han sitt eget konsultbolag, med allt vad det inneb\u00e4r av frihet, ansvar och m\u00e5nga olika typer av uppdrag. Men vid sidan av koden finns tv\u00e5 saker som format honom minst lika mycket: familjen och kampsporten.<\/p>\n\n<p>Han \u00e4r trebarnspappa \u2013 tv\u00e5 d\u00f6ttrar och en son \u2013 och beskriver sj\u00e4lv livet som \u201cmycket pappa-liv, mycket sport\u201d. Han har tr\u00e4nat brasiliansk jiu-jitsu i n\u00e4stan nio \u00e5r, t\u00e4vlat, coachat b\u00e5de barn och vuxna och tagit svart b\u00e4lte. Att pusha sig sj\u00e4lv, l\u00e4ra ut, tr\u00e4na andra och samtidigt h\u00e5lla egot i schack \u2013 allt det har han tagit med sig in i jobbet som ledare. \ufffc<br \/><br \/>\u201cJag gillar utmaningar. Jag vill att det h\u00e4nder mycket. Jag trivs i milj\u00f6er d\u00e4r folk drivs av samma sak \u2013 det ger energi\u201d, som han sj\u00e4lv uttrycker det. \ufffc<\/p>\n\n<h2 class=\"wp-block-heading\">Fr\u00e5n konsultlivet till Zendr<\/h2>\n\n<p>Efter flera \u00e5r som konsult b\u00f6rjade en k\u00e4nsla gnaga: han ville inte l\u00e4ngre st\u00e5 vid sidan av och \u201cbara\u201d vara inhyrd. Han ville bygga n\u00e5got p\u00e5 riktigt \u2013 l\u00e5ngsiktigt, tillsammans med ett team. \ufffcN\u00e4r han tr\u00e4ffade Johan (Zendrs vd) f\u00f6r f\u00f6rsta g\u00e5ngen f\u00f6ll mycket p\u00e5 plats. Det f\u00f6rsta m\u00f6tet handlade n\u00e4stan mer om v\u00e4rderingar, ambitioner och m\u00e4nniskosyn \u00e4n om teknik. Litet bolag, h\u00f6ga ambitioner, tydlig vision \u2013 exakt den kombinationen Denis letade efter. \ufffcPlanen var att han skulle kliva in som tech lead f\u00f6r en \u201cny portal\u201d. Men v\u00e4ldigt snabbt blev det tydligt att det inte handlade om lite puts och fix \u2013 utan om en stor omst\u00e4llning och att forma en helt ny vision f\u00f6r Zendrs produkt. Den resan har han gjort t\u00e4tt tillsammans med Johan och Mattias.<\/p>\n\n<p>\u201cDet som varit s\u00e5 coolt f\u00f6r mig \u00e4r hur mycket f\u00f6rtroende jag f\u00e5tt hela tiden\u201d, s\u00e4ger han. \u201cFr\u00e5n b\u00f6rjan var vi i princip tv\u00e5 personer p\u00e5 tech. I dag \u00e4r vi runt 25.\u201d \ufffc<\/p>\n\n<h2 class=\"wp-block-heading\">Hur \u00e4r det att jobba i Zendrs tech-team?<\/h2>\n\n<p>Zendr har vuxit fr\u00e5n ett litet g\u00e4ng s\u00e4ljare, kundtj\u00e4nst och n\u00e5gra utvecklare \u2013 till ett bolag med 75+ anst\u00e4llda och \u00f6ver 2 000 f\u00f6retagskunder som sk\u00f6ter sin frakt via portalen. \ufffcTech-sidan \u00e4r utspridd men tight, med kontor i J\u00f6nk\u00f6ping, Link\u00f6ping, Solna och G\u00f6teborg, samt n\u00e5gra som jobbar helt eller delvis p\u00e5 distans (varav en fr\u00e5n Spanien). De flesta inom tech-teamet jobbar hybrid, med n\u00e5gra dagar i veckan fr\u00e5n kontor och n\u00e5gra hemifr\u00e5n.<\/p>\n\n<p>Trots flera orter (och l\u00e4nder) \u00e4r k\u00e4nslan fortfarande \u201cett team\u201d. Denis lyfter s\u00e4rskilt vikten av dessa tre omr\u00e5den:<\/p>\n\n<ul class=\"wp-block-list\">\n<li><strong>L\u00e5g prestige<\/strong> \u2013 det \u00e4r okej att ha fel, byta \u00e5sikt och l\u00e5ta den b\u00e4sta id\u00e9n vinna.<\/li>\n\n<li><strong>\u00c4garskap<\/strong> \u2013 att man f\u00f6rv\u00e4ntas bry sig om resultatet, inte bara \u201cg\u00f6ra sin ticket\u201d.<\/li>\n\n<li><strong>Nyfikenhet<\/strong> \u2013 de som trivs b\u00e4st \u00e4r de som naturligt vill l\u00e4ra sig nytt, testa nya saker och h\u00e5lla koll p\u00e5 vad som h\u00e4nder i omv\u00e4rlden.<\/li>\n<\/ul>\n\n<p>\u00a0<\/p>\n<p>\u201cDu m\u00e5ste inte vara mest pratig, men du beh\u00f6ver vara en bra kollega. Vi vill ha en milj\u00f6 d\u00e4r alla kan bidra, ifr\u00e5gas\u00e4tta, f\u00f6resl\u00e5 andra l\u00f6sningar \u2013 utan prestige.\u201d \ufffc<\/p>\n\n<p>F\u00f6r att h\u00e5lla ihop kulturen l\u00e4gger Zendr ocks\u00e5 mycket energi p\u00e5 att ses fysiskt regelbundet \u2013 till exempel gemensamma kickoffer d\u00e4r alla, \u00e4ven de som vanligtvis sitter p\u00e5 distans, flygs in f\u00f6r att jobba, umg\u00e5s och ha roligt tillsammans. \ufffc<\/p>\n\n<h2 class=\"wp-block-heading\">Portal 2.0 \u2013 \u00e5ret d\u00e5 allt st\u00e4lls om<\/h2>\n\n<p>Det stora samtals\u00e4mnet p\u00e5 Zendr just nu \u00e4r Portal 2.0. I dag bygger Zendrs portal p\u00e5 en plattform som i princip m\u00f6jliggjort hela bolagets resa \u2013 fr\u00e5n start till ett skalbart, l\u00f6nsamt bolag med tusentals kunder och stark tillv\u00e4xt. Men emellan\u00e5t beh\u00f6vs det g\u00f6ras st\u00f6rre f\u00f6r\u00e4ndringar f\u00f6r att framtidss\u00e4kra bolaget. Denis beskriver det s\u00e5 h\u00e4r:<\/p>\n\n<p>\u201cDet vi g\u00f6r nu \u00e4r inte bara en ny portal. Vi bygger om hela stommen. Nya r\u00f6r, nya fundament \u2013 s\u00e5 att Zendr verkligen kan v\u00e4xa hur mycket vi vill.\u201d \ufffc<\/p>\n\n<p>Resultatet f\u00f6r kunden? En modernare, snabbare och mer flexibel portal. B\u00e4ttre f\u00f6ruts\u00e4ttningar f\u00f6r automation och smartare funktioner \u2013 Zendr vill inte vara \u201cbara en prisj\u00e4mf\u00f6relse\u201d, utan en partner som tar bort s\u00e5 mycket admin som m\u00f6jligt fr\u00e5n kundens bord. En plattform som g\u00f6r det enklare att skala ut i Norden och vidare i Europa. \ufffc<\/p>\n\n<p>Delar av den nya portalen \u00e4r faktiskt delvis p\u00e5 plats redan, och under \u00e5ret kommer ytterligare delar tillkomma. Vissa under ytan utan att man ser det med blotta \u00f6gat, andra desto mer tydliga i gr\u00e4nssnittet.<\/p>\n\n<h2 class=\"wp-block-heading\">M\u00e4nniskorna och resan i centrum<\/h2>\n\n<p>I \u00e5r kommer Zendrs utvecklingsorganisation att st\u00e4rkas med flera nya talanger i olika roller. Det inneb\u00e4r en chans att vara med p\u00e5 en sp\u00e4nnande resa n\u00e4r bolaget tar nya kliv i utvecklingen. Att f\u00e5 vara med och forma n\u00e5got som inte liknar \u201cvilken arbetsplats som helst\u201d.<\/p>\n\n<p>\u201cDet h\u00e4r \u00e4r ett definierande \u00e5r f\u00f6r Zendr\u201d, s\u00e4ger han. \u201cDet \u00e4r inte varje dag du f\u00e5r chansen att vara med n\u00e4r ett bolag b\u00e5de st\u00e5r stabilt \u2013 och samtidigt bygger om hela motorn.\u201d \ufffc<\/p>\n\n<p>Om du blir nyfiken p\u00e5 Zendr efter att ha l\u00e4rt k\u00e4nna Denis lite b\u00e4ttre: h\u00e5ll utkik efter annonser p\u00e5 v\u00e5r karri\u00e4rsida [l\u00e4nk] eller h\u00f6r av dig spontant. Kanske \u00e4r det du som \u00e4r med och skriver n\u00e4sta kapitel i Zendr-resan.<\/p>\n\t\t\t\t\t\t\t\t<\/div>\n\t\t\t\t<\/div>\n\t\t\t\t\t<\/div>\n\t\t\t\t<\/div>\n\t\t\t\t<\/div>\n\t\t","protected":false},"excerpt":{"rendered":"<p>Bli kjent med Denis \u2013 den kampsportende trebarnsfaren som CTO har bygget opp Zendrs tech-organisasjon og klargj\u00f8r morgendagens fraktportal.<\/p>","protected":false},"author":13,"featured_media":8428,"comment_status":"closed","ping_status":"closed","sticky":false,"template":"","format":"standard","meta":{"_acf_changed":false,"footnotes":""},"categories":[1],"tags":[54],"class_list":["post-8419","post","type-post","status-publish","format-standard","has-post-thumbnail","hentry","category-uncategorized","tag-lar-kanna-zendr"],"acf":[],"yoast_head":"<!-- This site is optimized with the Yoast SEO plugin v27.5 - https:\/\/yoast.com\/product\/yoast-seo-wordpress\/ -->\n<title>M\u00f6t v\u00e5r CTO Denis - hj\u00e4rnan bakom Zendr-portalens n\u00e4sta kapitel - Zendr - F\u00f6renkla din f\u00f6retagsfrakt<\/title>\n<meta name=\"robots\" content=\"index, follow, max-snippet:-1, max-image-preview:large, max-video-preview:-1\" \/>\n<link rel=\"canonical\" href=\"https:\/\/zendr.se\/no\/blogg\/mot-var-cto-denis-hjarnan-bakom-zendr-portalens-nasta-kapitel\/\" \/>\n<meta property=\"og:locale\" content=\"nb_NO\" \/>\n<meta property=\"og:type\" content=\"article\" \/>\n<meta property=\"og:title\" content=\"M\u00f6t v\u00e5r CTO Denis - hj\u00e4rnan bakom Zendr-portalens n\u00e4sta kapitel - Zendr - F\u00f6renkla din f\u00f6retagsfrakt\" \/>\n<meta property=\"og:description\" content=\"L\u00e4r k\u00e4nna Denis - den kampsportande trebarnspappan till CTO som byggt Zendrs tech-organisation och f\u00f6rbereder morgondagens fraktportal.\" \/>\n<meta property=\"og:url\" content=\"https:\/\/zendr.se\/no\/blogg\/mot-var-cto-denis-hjarnan-bakom-zendr-portalens-nasta-kapitel\/\" \/>\n<meta property=\"og:site_name\" content=\"Zendr - F\u00f6renkla din f\u00f6retagsfrakt\" \/>\n<meta property=\"article:published_time\" content=\"2026-02-13T14:30:01+00:00\" \/>\n<meta property=\"article:modified_time\" content=\"2026-02-17T08:16:45+00:00\" \/>\n<meta property=\"og:image\" content=\"https:\/\/zendr.se\/wp-content\/uploads\/2026\/02\/cto_zendr_1600x900.jpg\" \/>\n\t<meta property=\"og:image:width\" content=\"1600\" \/>\n\t<meta property=\"og:image:height\" content=\"900\" \/>\n\t<meta property=\"og:image:type\" content=\"image\/jpeg\" \/>\n<meta name=\"author\" content=\"Jonas Ehne\" \/>\n<meta name=\"twitter:card\" content=\"summary_large_image\" \/>\n<meta name=\"twitter:label1\" content=\"Skrevet av\" \/>\n\t<meta name=\"twitter:data1\" content=\"Jonas Ehne\" \/>\n\t<meta name=\"twitter:label2\" content=\"Ansl. lesetid\" \/>\n\t<meta name=\"twitter:data2\" content=\"5 minutter\" \/>\n<script type=\"application\/ld+json\" class=\"yoast-schema-graph\">{\"@context\":\"https:\\\/\\\/schema.org\",\"@graph\":[{\"@type\":\"Article\",\"@id\":\"https:\\\/\\\/zendr.se\\\/blogg\\\/mot-var-cto-denis-hjarnan-bakom-zendr-portalens-nasta-kapitel\\\/#article\",\"isPartOf\":{\"@id\":\"https:\\\/\\\/zendr.se\\\/blogg\\\/mot-var-cto-denis-hjarnan-bakom-zendr-portalens-nasta-kapitel\\\/\"},\"author\":{\"name\":\"Jonas Ehne\",\"@id\":\"https:\\\/\\\/zendr.se\\\/#\\\/schema\\\/person\\\/22d6f32ddae5bd61273090aee4559c55\"},\"headline\":\"M\u00f6t v\u00e5r CTO Denis &#8211; hj\u00e4rnan bakom Zendr-portalens n\u00e4sta kapitel\",\"datePublished\":\"2026-02-13T14:30:01+00:00\",\"dateModified\":\"2026-02-17T08:16:45+00:00\",\"mainEntityOfPage\":{\"@id\":\"https:\\\/\\\/zendr.se\\\/blogg\\\/mot-var-cto-denis-hjarnan-bakom-zendr-portalens-nasta-kapitel\\\/\"},\"wordCount\":1055,\"publisher\":{\"@id\":\"https:\\\/\\\/zendr.se\\\/#organization\"},\"image\":{\"@id\":\"https:\\\/\\\/zendr.se\\\/blogg\\\/mot-var-cto-denis-hjarnan-bakom-zendr-portalens-nasta-kapitel\\\/#primaryimage\"},\"thumbnailUrl\":\"https:\\\/\\\/zendr.se\\\/wp-content\\\/uploads\\\/2026\\\/02\\\/cto_zendr_1600x900.jpg\",\"keywords\":[\"L\u00e4r k\u00e4nna Zendr\"],\"articleSection\":[\"Uncategorized\"],\"inLanguage\":\"nb-NO\"},{\"@type\":\"WebPage\",\"@id\":\"https:\\\/\\\/zendr.se\\\/blogg\\\/mot-var-cto-denis-hjarnan-bakom-zendr-portalens-nasta-kapitel\\\/\",\"url\":\"https:\\\/\\\/zendr.se\\\/blogg\\\/mot-var-cto-denis-hjarnan-bakom-zendr-portalens-nasta-kapitel\\\/\",\"name\":\"M\u00f6t v\u00e5r CTO Denis - hj\u00e4rnan bakom Zendr-portalens n\u00e4sta kapitel - Zendr - F\u00f6renkla din f\u00f6retagsfrakt\",\"isPartOf\":{\"@id\":\"https:\\\/\\\/zendr.se\\\/#website\"},\"primaryImageOfPage\":{\"@id\":\"https:\\\/\\\/zendr.se\\\/blogg\\\/mot-var-cto-denis-hjarnan-bakom-zendr-portalens-nasta-kapitel\\\/#primaryimage\"},\"image\":{\"@id\":\"https:\\\/\\\/zendr.se\\\/blogg\\\/mot-var-cto-denis-hjarnan-bakom-zendr-portalens-nasta-kapitel\\\/#primaryimage\"},\"thumbnailUrl\":\"https:\\\/\\\/zendr.se\\\/wp-content\\\/uploads\\\/2026\\\/02\\\/cto_zendr_1600x900.jpg\",\"datePublished\":\"2026-02-13T14:30:01+00:00\",\"dateModified\":\"2026-02-17T08:16:45+00:00\",\"breadcrumb\":{\"@id\":\"https:\\\/\\\/zendr.se\\\/blogg\\\/mot-var-cto-denis-hjarnan-bakom-zendr-portalens-nasta-kapitel\\\/#breadcrumb\"},\"inLanguage\":\"nb-NO\",\"potentialAction\":[{\"@type\":\"ReadAction\",\"target\":[\"https:\\\/\\\/zendr.se\\\/blogg\\\/mot-var-cto-denis-hjarnan-bakom-zendr-portalens-nasta-kapitel\\\/\"]}]},{\"@type\":\"ImageObject\",\"inLanguage\":\"nb-NO\",\"@id\":\"https:\\\/\\\/zendr.se\\\/blogg\\\/mot-var-cto-denis-hjarnan-bakom-zendr-portalens-nasta-kapitel\\\/#primaryimage\",\"url\":\"https:\\\/\\\/zendr.se\\\/wp-content\\\/uploads\\\/2026\\\/02\\\/cto_zendr_1600x900.jpg\",\"contentUrl\":\"https:\\\/\\\/zendr.se\\\/wp-content\\\/uploads\\\/2026\\\/02\\\/cto_zendr_1600x900.jpg\",\"width\":1600,\"height\":900},{\"@type\":\"BreadcrumbList\",\"@id\":\"https:\\\/\\\/zendr.se\\\/blogg\\\/mot-var-cto-denis-hjarnan-bakom-zendr-portalens-nasta-kapitel\\\/#breadcrumb\",\"itemListElement\":[{\"@type\":\"ListItem\",\"position\":1,\"name\":\"Home\",\"item\":\"https:\\\/\\\/zendr.se\\\/\"},{\"@type\":\"ListItem\",\"position\":2,\"name\":\"M\u00f6t v\u00e5r CTO Denis &#8211; hj\u00e4rnan bakom Zendr-portalens n\u00e4sta kapitel\"}]},{\"@type\":\"WebSite\",\"@id\":\"https:\\\/\\\/zendr.se\\\/#website\",\"url\":\"https:\\\/\\\/zendr.se\\\/\",\"name\":\"zendr.se\",\"description\":\"Vi f\u00f6renklar frakt\",\"publisher\":{\"@id\":\"https:\\\/\\\/zendr.se\\\/#organization\"},\"potentialAction\":[{\"@type\":\"SearchAction\",\"target\":{\"@type\":\"EntryPoint\",\"urlTemplate\":\"https:\\\/\\\/zendr.se\\\/?s={search_term_string}\"},\"query-input\":{\"@type\":\"PropertyValueSpecification\",\"valueRequired\":true,\"valueName\":\"search_term_string\"}}],\"inLanguage\":\"nb-NO\"},{\"@type\":\"Organization\",\"@id\":\"https:\\\/\\\/zendr.se\\\/#organization\",\"name\":\"Zendr\",\"url\":\"https:\\\/\\\/zendr.se\\\/\",\"logo\":{\"@type\":\"ImageObject\",\"inLanguage\":\"nb-NO\",\"@id\":\"https:\\\/\\\/zendr.se\\\/#\\\/schema\\\/logo\\\/image\\\/\",\"url\":\"https:\\\/\\\/zendr.se\\\/wp-content\\\/uploads\\\/2025\\\/04\\\/cropped-cropped-Zendr-logo-2.png\",\"contentUrl\":\"https:\\\/\\\/zendr.se\\\/wp-content\\\/uploads\\\/2025\\\/04\\\/cropped-cropped-Zendr-logo-2.png\",\"width\":512,\"height\":119,\"caption\":\"Zendr\"},\"image\":{\"@id\":\"https:\\\/\\\/zendr.se\\\/#\\\/schema\\\/logo\\\/image\\\/\"}},{\"@type\":\"Person\",\"@id\":\"https:\\\/\\\/zendr.se\\\/#\\\/schema\\\/person\\\/22d6f32ddae5bd61273090aee4559c55\",\"name\":\"Jonas Ehne\",\"image\":{\"@type\":\"ImageObject\",\"inLanguage\":\"nb-NO\",\"@id\":\"https:\\\/\\\/secure.gravatar.com\\\/avatar\\\/e5d8bab805f957ecfa03c7f8ff36ac77c4f280e78403ab5932cd11222e7e1f4d?s=96&d=mm&r=g\",\"url\":\"https:\\\/\\\/secure.gravatar.com\\\/avatar\\\/e5d8bab805f957ecfa03c7f8ff36ac77c4f280e78403ab5932cd11222e7e1f4d?s=96&d=mm&r=g\",\"contentUrl\":\"https:\\\/\\\/secure.gravatar.com\\\/avatar\\\/e5d8bab805f957ecfa03c7f8ff36ac77c4f280e78403ab5932cd11222e7e1f4d?s=96&d=mm&r=g\",\"caption\":\"Jonas Ehne\"},\"url\":\"https:\\\/\\\/zendr.se\\\/no\\\/blogg\\\/author\\\/jonas-ehne\\\/\"}]}<\/script>\n<!-- \/ Yoast SEO plugin. -->","yoast_head_json":{"title":"M\u00f6t v\u00e5r CTO Denis - hj\u00e4rnan bakom Zendr-portalens n\u00e4sta kapitel - Zendr - F\u00f6renkla din f\u00f6retagsfrakt","robots":{"index":"index","follow":"follow","max-snippet":"max-snippet:-1","max-image-preview":"max-image-preview:large","max-video-preview":"max-video-preview:-1"},"canonical":"https:\/\/zendr.se\/no\/blogg\/mot-var-cto-denis-hjarnan-bakom-zendr-portalens-nasta-kapitel\/","og_locale":"nb_NO","og_type":"article","og_title":"M\u00f6t v\u00e5r CTO Denis - hj\u00e4rnan bakom Zendr-portalens n\u00e4sta kapitel - Zendr - F\u00f6renkla din f\u00f6retagsfrakt","og_description":"L\u00e4r k\u00e4nna Denis - den kampsportande trebarnspappan till CTO som byggt Zendrs tech-organisation och f\u00f6rbereder morgondagens fraktportal.","og_url":"https:\/\/zendr.se\/no\/blogg\/mot-var-cto-denis-hjarnan-bakom-zendr-portalens-nasta-kapitel\/","og_site_name":"Zendr - F\u00f6renkla din f\u00f6retagsfrakt","article_published_time":"2026-02-13T14:30:01+00:00","article_modified_time":"2026-02-17T08:16:45+00:00","og_image":[{"width":1600,"height":900,"url":"https:\/\/zendr.se\/wp-content\/uploads\/2026\/02\/cto_zendr_1600x900.jpg","type":"image\/jpeg"}],"author":"Jonas Ehne","twitter_card":"summary_large_image","twitter_misc":{"Skrevet av":"Jonas Ehne","Ansl. lesetid":"5 minutter"},"schema":{"@context":"https:\/\/schema.org","@graph":[{"@type":"Article","@id":"https:\/\/zendr.se\/blogg\/mot-var-cto-denis-hjarnan-bakom-zendr-portalens-nasta-kapitel\/#article","isPartOf":{"@id":"https:\/\/zendr.se\/blogg\/mot-var-cto-denis-hjarnan-bakom-zendr-portalens-nasta-kapitel\/"},"author":{"name":"Jonas Ehne","@id":"https:\/\/zendr.se\/#\/schema\/person\/22d6f32ddae5bd61273090aee4559c55"},"headline":"M\u00f6t v\u00e5r CTO Denis &#8211; hj\u00e4rnan bakom Zendr-portalens n\u00e4sta kapitel","datePublished":"2026-02-13T14:30:01+00:00","dateModified":"2026-02-17T08:16:45+00:00","mainEntityOfPage":{"@id":"https:\/\/zendr.se\/blogg\/mot-var-cto-denis-hjarnan-bakom-zendr-portalens-nasta-kapitel\/"},"wordCount":1055,"publisher":{"@id":"https:\/\/zendr.se\/#organization"},"image":{"@id":"https:\/\/zendr.se\/blogg\/mot-var-cto-denis-hjarnan-bakom-zendr-portalens-nasta-kapitel\/#primaryimage"},"thumbnailUrl":"https:\/\/zendr.se\/wp-content\/uploads\/2026\/02\/cto_zendr_1600x900.jpg","keywords":["L\u00e4r k\u00e4nna Zendr"],"articleSection":["Uncategorized"],"inLanguage":"nb-NO"},{"@type":"WebPage","@id":"https:\/\/zendr.se\/blogg\/mot-var-cto-denis-hjarnan-bakom-zendr-portalens-nasta-kapitel\/","url":"https:\/\/zendr.se\/blogg\/mot-var-cto-denis-hjarnan-bakom-zendr-portalens-nasta-kapitel\/","name":"M\u00f6t v\u00e5r CTO Denis - hj\u00e4rnan bakom Zendr-portalens n\u00e4sta kapitel - Zendr - F\u00f6renkla din f\u00f6retagsfrakt","isPartOf":{"@id":"https:\/\/zendr.se\/#website"},"primaryImageOfPage":{"@id":"https:\/\/zendr.se\/blogg\/mot-var-cto-denis-hjarnan-bakom-zendr-portalens-nasta-kapitel\/#primaryimage"},"image":{"@id":"https:\/\/zendr.se\/blogg\/mot-var-cto-denis-hjarnan-bakom-zendr-portalens-nasta-kapitel\/#primaryimage"},"thumbnailUrl":"https:\/\/zendr.se\/wp-content\/uploads\/2026\/02\/cto_zendr_1600x900.jpg","datePublished":"2026-02-13T14:30:01+00:00","dateModified":"2026-02-17T08:16:45+00:00","breadcrumb":{"@id":"https:\/\/zendr.se\/blogg\/mot-var-cto-denis-hjarnan-bakom-zendr-portalens-nasta-kapitel\/#breadcrumb"},"inLanguage":"nb-NO","potentialAction":[{"@type":"ReadAction","target":["https:\/\/zendr.se\/blogg\/mot-var-cto-denis-hjarnan-bakom-zendr-portalens-nasta-kapitel\/"]}]},{"@type":"ImageObject","inLanguage":"nb-NO","@id":"https:\/\/zendr.se\/blogg\/mot-var-cto-denis-hjarnan-bakom-zendr-portalens-nasta-kapitel\/#primaryimage","url":"https:\/\/zendr.se\/wp-content\/uploads\/2026\/02\/cto_zendr_1600x900.jpg","contentUrl":"https:\/\/zendr.se\/wp-content\/uploads\/2026\/02\/cto_zendr_1600x900.jpg","width":1600,"height":900},{"@type":"BreadcrumbList","@id":"https:\/\/zendr.se\/blogg\/mot-var-cto-denis-hjarnan-bakom-zendr-portalens-nasta-kapitel\/#breadcrumb","itemListElement":[{"@type":"ListItem","position":1,"name":"Home","item":"https:\/\/zendr.se\/"},{"@type":"ListItem","position":2,"name":"M\u00f6t v\u00e5r CTO Denis &#8211; hj\u00e4rnan bakom Zendr-portalens n\u00e4sta kapitel"}]},{"@type":"WebSite","@id":"https:\/\/zendr.se\/#website","url":"https:\/\/zendr.se\/","name":"zendr.se","description":"Vi forenkler frakt","publisher":{"@id":"https:\/\/zendr.se\/#organization"},"potentialAction":[{"@type":"SearchAction","target":{"@type":"EntryPoint","urlTemplate":"https:\/\/zendr.se\/?s={search_term_string}"},"query-input":{"@type":"PropertyValueSpecification","valueRequired":true,"valueName":"search_term_string"}}],"inLanguage":"nb-NO"},{"@type":"Organization","@id":"https:\/\/zendr.se\/#organization","name":"Zendr","url":"https:\/\/zendr.se\/","logo":{"@type":"ImageObject","inLanguage":"nb-NO","@id":"https:\/\/zendr.se\/#\/schema\/logo\/image\/","url":"https:\/\/zendr.se\/wp-content\/uploads\/2025\/04\/cropped-cropped-Zendr-logo-2.png","contentUrl":"https:\/\/zendr.se\/wp-content\/uploads\/2025\/04\/cropped-cropped-Zendr-logo-2.png","width":512,"height":119,"caption":"Zendr"},"image":{"@id":"https:\/\/zendr.se\/#\/schema\/logo\/image\/"}},{"@type":"Person","@id":"https:\/\/zendr.se\/#\/schema\/person\/22d6f32ddae5bd61273090aee4559c55","name":"Jonas Ehne","image":{"@type":"ImageObject","inLanguage":"nb-NO","@id":"https:\/\/secure.gravatar.com\/avatar\/e5d8bab805f957ecfa03c7f8ff36ac77c4f280e78403ab5932cd11222e7e1f4d?s=96&d=mm&r=g","url":"https:\/\/secure.gravatar.com\/avatar\/e5d8bab805f957ecfa03c7f8ff36ac77c4f280e78403ab5932cd11222e7e1f4d?s=96&d=mm&r=g","contentUrl":"https:\/\/secure.gravatar.com\/avatar\/e5d8bab805f957ecfa03c7f8ff36ac77c4f280e78403ab5932cd11222e7e1f4d?s=96&d=mm&r=g","caption":"Jonas Ehne"},"url":"https:\/\/zendr.se\/no\/blogg\/author\/jonas-ehne\/"}]}},"jetpack_featured_media_url":"https:\/\/zendr.se\/wp-content\/uploads\/2026\/02\/cto_zendr_1600x900.jpg","_links":{"self":[{"href":"https:\/\/zendr.se\/no\/wp-json\/wp\/v2\/posts\/8419","targetHints":{"allow":["GET"]}}],"collection":[{"href":"https:\/\/zendr.se\/no\/wp-json\/wp\/v2\/posts"}],"about":[{"href":"https:\/\/zendr.se\/no\/wp-json\/wp\/v2\/types\/post"}],"author":[{"embeddable":true,"href":"https:\/\/zendr.se\/no\/wp-json\/wp\/v2\/users\/13"}],"replies":[{"embeddable":true,"href":"https:\/\/zendr.se\/no\/wp-json\/wp\/v2\/comments?post=8419"}],"version-history":[{"count":6,"href":"https:\/\/zendr.se\/no\/wp-json\/wp\/v2\/posts\/8419\/revisions"}],"predecessor-version":[{"id":8430,"href":"https:\/\/zendr.se\/no\/wp-json\/wp\/v2\/posts\/8419\/revisions\/8430"}],"wp:featuredmedia":[{"embeddable":true,"href":"https:\/\/zendr.se\/no\/wp-json\/wp\/v2\/media\/8428"}],"wp:attachment":[{"href":"https:\/\/zendr.se\/no\/wp-json\/wp\/v2\/media?parent=8419"}],"wp:term":[{"taxonomy":"category","embeddable":true,"href":"https:\/\/zendr.se\/no\/wp-json\/wp\/v2\/categories?post=8419"},{"taxonomy":"post_tag","embeddable":true,"href":"https:\/\/zendr.se\/no\/wp-json\/wp\/v2\/tags?post=8419"}],"curies":[{"name":"wp","href":"https:\/\/api.w.org\/{rel}","templated":true}]}}