{"id":8435,"date":"2026-03-06T20:12:12","date_gmt":"2026-03-06T19:12:12","guid":{"rendered":"https:\/\/zendr.se\/?p=8435"},"modified":"2026-04-13T20:13:07","modified_gmt":"2026-04-13T18:13:07","slug":"cbam-nya-klimatkrav-pa-import-sa-paverkas-du-och-hur-zendr-kan-hjalpa","status":"publish","type":"post","link":"https:\/\/zendr.se\/no\/blogg\/cbam-nya-klimatkrav-pa-import-sa-paverkas-du-och-hur-zendr-kan-hjalpa\/","title":{"rendered":"CBAM \u2013 nye klimatkrav p\u00e5 import: slik p\u00e5virkes du (og hvordan Zendr kan hjelpe)"},"content":{"rendered":"<p>CBAM er i ferd med \u00e5 bli en naturlig del av EUs handel. For deg som importerer varer til EU, kan dette inneb\u00e6re nye krav, kostnader \u2013 og en del ekstra administrasjon. Her er en rask gjennomgang av hva CBAM er, hvorfor det er viktig, og hvordan Zendr kan st\u00f8tte rundt dine str\u00f8mmer.<\/p>\n\n\n\n<h2 class=\"wp-block-heading\">Hva er CBAM?<\/h2>\n\n\n\n<p>CBAM st\u00e5r f\u00f6r <strong>Karbongrensetilpasningsmekanisme<\/strong> \u2013 EUs nye karbontoll p\u00e5 visse importerte varer. Form\u00e5let er \u00e5 motvirke at produksjon flytter til land med lavere klimakrav (\u201dkarbonlekkasje\u201d) og \u00e5 gi mer rettferdig konkurranse mellom produsenter innenfor og utenfor EU. I praksis inneb\u00e6rer CBAM at du som import\u00f8r betaler en kostnad knyttet til karbondioksidutslippene som oppsto da varen ble produsert. Systemet trer i kraft fullt ut 1. januar 2026.<\/p>\n\n\n\n<h2 class=\"wp-block-heading\">Hvilke varer omfattes?<\/h2>\n\n\n\n<p>CBAM gjelder prim\u00e6rt karbonintensive varer, for eksempel: jern og st\u00e5l, aluminium, sement, gj\u00f8dsel, elektrisitet, hydrogen samt visse produkter laget av disse materialene. Hvis du for eksempel importerer st\u00e5lkomponenter, aluminiumprofiler eller lignende, er det viktig \u00e5 f\u00f8lge med p\u00e5 om akkurat dine HS-koder dekkes.<\/p>\n\n\n\n<h2 class=\"wp-block-heading\">Hvorfor er CBAM viktig for deg?<\/h2>\n\n\n\n<ol class=\"wp-block-list\">\n<li><strong>Nye krav til deg som import\u00f8r<\/strong>. For varer som omfattes av CBAM m\u00e5 du registrere bedriften din som CBAM-deklarant, rapportere innebygde CO\u2082-utslipp og h\u00e5ndtere CBAM-sertifikater. Uten registrering kan varene dine i verste fall ikke fortolles.<\/li>\n\n\n\n<li><strong>Fare for forstyrrelser i flyten<\/strong>. Hvis du mangler registrering, riktige HS-koder eller utslippsdata, kan forsendelsene dine bli forsinket eller stoppet i tollen. Hvis du har stramme ledetider eller avhengigheter i produksjonen, vil det raskt bli merkbart.<\/li>\n\n\n\n<li><strong>P\u00e5virkning p\u00e5 kostnad og innkj\u00f8p<\/strong> CBAM kan gj\u00f8re visse varer dyrere, spesielt fra utslippsintensive leverand\u00f8rer. Dette kan f\u00f8re til at du m\u00e5 se over leverand\u00f8rer og produksjonsland, og justere prissetting og marginer.<\/li>\n<\/ol>\n\n\n\n<h2 class=\"wp-block-heading\">Hva b\u00f8r du tenke p\u00e5 allerede n\u00e5?<\/h2>\n\n\n\n<ul class=\"wp-block-list\">\n<li><strong>Kartlegg<\/strong> hvilke varer som omfattes og gjennomg\u00e5 dine importerte varer som inneholder f.eks. st\u00e5l, aluminium, sement eller gj\u00f8dsel. Finn deres HS-koder og sammenlign mot CBAM-listene. Ta gjerne hjelp av ditt tollombud.<\/li>\n\n\n\n<li><strong>S\u00f8rg for<\/strong> at du kan f\u00e5 utslippsdata siden du trenger \u00e5 kunne rapportere CO\u2082-utslipp i produksjonen. Snakk med dine leverand\u00f8rer og be om underlag for materialer, prosesser og energi. Tydeliggj\u00f8r at dette blir et krav fremover.<\/li>\n\n\n\n<li><strong>Registrere<\/strong> ditt f\u00f6retag som CBAM-deklarant via Tullverkets e-tj\u00e4nster. I Sverige sker anm\u00e4lan via <strong>Tolletatens e-tjenester<\/strong>. Utpek ansvariga internt og opprett enkle rutiner for hvordan dere lagrer og oppdaterer CBAM-relatert data.<\/li>\n<\/ul>\n\n\n\n<h2 class=\"wp-block-heading\">Hvordan kan Zendr hjelpe?<\/h2>\n\n\n\n<p>Det formelle ansvaret for CBAM ligger alltid p\u00e5 import\u00f8ren \u2013 Zendr kan derfor ikke registrere deg, avgj\u00f8re om dine varer omfattes eller levere dine CBAM-deklarasjoner. Men vi hjelper gjerne til med \u00e5 veilede dere om hvor dere b\u00f8r henvende dere for \u00e5 f\u00e5 informasjon og anvisninger. Og fremfor alt gj\u00f8r Zendr det enklere \u00e5 f\u00e5 orden p\u00e5 logistikken rundt dine CBAM-varer.<\/p>\n\n\n\n<p>Med Zendr f\u00e5r du alle forsendelser samlet p\u00e5 \u00e9n plattform og bedre oversikt over hvilke flyter og land som er relevante fra et CBAM-perspektiv. Et grunnlag for \u00e5 koble varetyper med spesifikke forsendelser, noe som gj\u00f8r det lettere \u00e5 se hvor du trenger \u00e5 fokusere ditt CBAM-arbeid.<\/p>\n\n\n\n<p>For st\u00f8rre og mer avanserte prosesser kan Zendr Freight hjelpe deg med \u00e5 strukturere transportkjeden, samle dokumentasjon og kommunikasjon, og skape klare rutiner for hvordan du deler n\u00f8dvendig informasjon med spedit\u00f8r og tollagent (f.eks. din CBAM-deklarasjonskode). Zendr blir din logistikkpartner \u2013 samtidig som du tar h\u00e5nd om CBAM-rapporteringen.<\/p>\n\n\n\n<p>Ikke n\u00f8l med \u00e5 ta kontakt dersom du som kunde har sp\u00f8rsm\u00e5l ang\u00e5ende CBAM! V\u00e5r kundesupport st\u00e5r alltid klar til \u00e5 hjelpe dere kunder, ikke minst v\u00e5r tollekspert Sara n\u00e5r det gjelder tollsp\u00f8rsm\u00e5l!<\/p>\n\n\n\n<h2 class=\"wp-block-heading\">Nyttige lenker<\/h2>\n\n\n\n<ul class=\"wp-block-list\">\n<li><strong>Tullverket \u2013 CBAM-registrering:<\/strong><br><a href=\"https:\/\/www.tullverket.se\/foretag\/ansokochdeklarera\/etjansterforforetag\/cbam.html\" target=\"_blank\" rel=\"noreferrer noopener\">https:\/\/www.tullverket.se\/foretag\/ansokochdeklarera\/etjansterforforetag\/cbam.html<\/a><\/li>\n\n\n\n<li><strong>Naturv\u00e5rdsverket \u2013 veiledning for CBAM-deklaranter:<\/strong><br><a href=\"https:\/\/www.naturvardsverket.se\/vagledning-och-stod\/cbam\/status-som-godkand-cbam-deklarant\/\" target=\"_blank\" rel=\"noreferrer noopener\">https:\/\/www.naturvardsverket.se\/vagledning-och-stod\/cbam\/status-som-godkand-cbam-deklarant\/<\/a><\/li>\n<\/ul>","protected":false},"excerpt":{"rendered":"<p>Med CBAM stilles det nye krav til deg som import\u00f8r. Tullskolen reder ut hva disse nye klimakravene fra EU inneb\u00e6rer for deg.<\/p>","protected":false},"author":13,"featured_media":8726,"comment_status":"closed","ping_status":"closed","sticky":false,"template":"","format":"standard","meta":{"_acf_changed":false,"footnotes":""},"categories":[1],"tags":[53],"class_list":["post-8435","post","type-post","status-publish","format-standard","has-post-thumbnail","hentry","category-uncategorized","tag-tullskolan"],"acf":[],"yoast_head":"<!-- This site is optimized with the Yoast SEO plugin v27.5 - https:\/\/yoast.com\/product\/yoast-seo-wordpress\/ -->\n<title>CBAM \u2013 nya klimatkrav p\u00e5 import: s\u00e5 p\u00e5verkas du (och hur Zendr kan hj\u00e4lpa) - Zendr - F\u00f6renkla din f\u00f6retagsfrakt<\/title>\n<meta name=\"robots\" content=\"index, follow, max-snippet:-1, max-image-preview:large, max-video-preview:-1\" \/>\n<link rel=\"canonical\" href=\"https:\/\/zendr.se\/no\/blogg\/cbam-nya-klimatkrav-pa-import-sa-paverkas-du-och-hur-zendr-kan-hjalpa\/\" \/>\n<meta property=\"og:locale\" content=\"nb_NO\" \/>\n<meta property=\"og:type\" content=\"article\" \/>\n<meta property=\"og:title\" content=\"CBAM \u2013 nya klimatkrav p\u00e5 import: s\u00e5 p\u00e5verkas du (och hur Zendr kan hj\u00e4lpa) - Zendr - F\u00f6renkla din f\u00f6retagsfrakt\" \/>\n<meta property=\"og:description\" content=\"Med CBAM st\u00e4lls nya krav p\u00e5 dig som import\u00f6r. Tullskolan reder ut vad dessa nya klimatkrav fr\u00e5n EU inneb\u00e4r f\u00f6r dig.\" \/>\n<meta property=\"og:url\" content=\"https:\/\/zendr.se\/no\/blogg\/cbam-nya-klimatkrav-pa-import-sa-paverkas-du-och-hur-zendr-kan-hjalpa\/\" \/>\n<meta property=\"og:site_name\" content=\"Zendr - F\u00f6renkla din f\u00f6retagsfrakt\" \/>\n<meta property=\"article:published_time\" content=\"2026-03-06T19:12:12+00:00\" \/>\n<meta property=\"article:modified_time\" content=\"2026-04-13T18:13:07+00:00\" \/>\n<meta property=\"og:image\" content=\"https:\/\/zendr.se\/wp-content\/uploads\/2026\/02\/tullskolan_cbam.jpg\" \/>\n\t<meta property=\"og:image:width\" content=\"1344\" \/>\n\t<meta property=\"og:image:height\" content=\"896\" \/>\n\t<meta property=\"og:image:type\" content=\"image\/jpeg\" \/>\n<meta name=\"author\" content=\"Jonas Ehne\" \/>\n<meta name=\"twitter:card\" content=\"summary_large_image\" \/>\n<meta name=\"twitter:label1\" content=\"Skrevet av\" \/>\n\t<meta name=\"twitter:data1\" content=\"Jonas Ehne\" \/>\n\t<meta name=\"twitter:label2\" content=\"Ansl. lesetid\" \/>\n\t<meta name=\"twitter:data2\" content=\"4 minutter\" \/>\n<script type=\"application\/ld+json\" class=\"yoast-schema-graph\">{\"@context\":\"https:\\\/\\\/schema.org\",\"@graph\":[{\"@type\":\"Article\",\"@id\":\"https:\\\/\\\/zendr.se\\\/blogg\\\/cbam-nya-klimatkrav-pa-import-sa-paverkas-du-och-hur-zendr-kan-hjalpa\\\/#article\",\"isPartOf\":{\"@id\":\"https:\\\/\\\/zendr.se\\\/blogg\\\/cbam-nya-klimatkrav-pa-import-sa-paverkas-du-och-hur-zendr-kan-hjalpa\\\/\"},\"author\":{\"name\":\"Jonas Ehne\",\"@id\":\"https:\\\/\\\/zendr.se\\\/#\\\/schema\\\/person\\\/22d6f32ddae5bd61273090aee4559c55\"},\"headline\":\"CBAM \u2013 nya klimatkrav p\u00e5 import: s\u00e5 p\u00e5verkas du (och hur Zendr kan hj\u00e4lpa)\",\"datePublished\":\"2026-03-06T19:12:12+00:00\",\"dateModified\":\"2026-04-13T18:13:07+00:00\",\"mainEntityOfPage\":{\"@id\":\"https:\\\/\\\/zendr.se\\\/blogg\\\/cbam-nya-klimatkrav-pa-import-sa-paverkas-du-och-hur-zendr-kan-hjalpa\\\/\"},\"wordCount\":727,\"publisher\":{\"@id\":\"https:\\\/\\\/zendr.se\\\/#organization\"},\"image\":{\"@id\":\"https:\\\/\\\/zendr.se\\\/blogg\\\/cbam-nya-klimatkrav-pa-import-sa-paverkas-du-och-hur-zendr-kan-hjalpa\\\/#primaryimage\"},\"thumbnailUrl\":\"https:\\\/\\\/zendr.se\\\/wp-content\\\/uploads\\\/2026\\\/02\\\/tullskolan_cbam.jpg\",\"keywords\":[\"Tullskolan\"],\"articleSection\":[\"Uncategorized\"],\"inLanguage\":\"nb-NO\"},{\"@type\":\"WebPage\",\"@id\":\"https:\\\/\\\/zendr.se\\\/blogg\\\/cbam-nya-klimatkrav-pa-import-sa-paverkas-du-och-hur-zendr-kan-hjalpa\\\/\",\"url\":\"https:\\\/\\\/zendr.se\\\/blogg\\\/cbam-nya-klimatkrav-pa-import-sa-paverkas-du-och-hur-zendr-kan-hjalpa\\\/\",\"name\":\"CBAM \u2013 nya klimatkrav p\u00e5 import: s\u00e5 p\u00e5verkas du (och hur Zendr kan hj\u00e4lpa) - Zendr - F\u00f6renkla din f\u00f6retagsfrakt\",\"isPartOf\":{\"@id\":\"https:\\\/\\\/zendr.se\\\/#website\"},\"primaryImageOfPage\":{\"@id\":\"https:\\\/\\\/zendr.se\\\/blogg\\\/cbam-nya-klimatkrav-pa-import-sa-paverkas-du-och-hur-zendr-kan-hjalpa\\\/#primaryimage\"},\"image\":{\"@id\":\"https:\\\/\\\/zendr.se\\\/blogg\\\/cbam-nya-klimatkrav-pa-import-sa-paverkas-du-och-hur-zendr-kan-hjalpa\\\/#primaryimage\"},\"thumbnailUrl\":\"https:\\\/\\\/zendr.se\\\/wp-content\\\/uploads\\\/2026\\\/02\\\/tullskolan_cbam.jpg\",\"datePublished\":\"2026-03-06T19:12:12+00:00\",\"dateModified\":\"2026-04-13T18:13:07+00:00\",\"breadcrumb\":{\"@id\":\"https:\\\/\\\/zendr.se\\\/blogg\\\/cbam-nya-klimatkrav-pa-import-sa-paverkas-du-och-hur-zendr-kan-hjalpa\\\/#breadcrumb\"},\"inLanguage\":\"nb-NO\",\"potentialAction\":[{\"@type\":\"ReadAction\",\"target\":[\"https:\\\/\\\/zendr.se\\\/blogg\\\/cbam-nya-klimatkrav-pa-import-sa-paverkas-du-och-hur-zendr-kan-hjalpa\\\/\"]}]},{\"@type\":\"ImageObject\",\"inLanguage\":\"nb-NO\",\"@id\":\"https:\\\/\\\/zendr.se\\\/blogg\\\/cbam-nya-klimatkrav-pa-import-sa-paverkas-du-och-hur-zendr-kan-hjalpa\\\/#primaryimage\",\"url\":\"https:\\\/\\\/zendr.se\\\/wp-content\\\/uploads\\\/2026\\\/02\\\/tullskolan_cbam.jpg\",\"contentUrl\":\"https:\\\/\\\/zendr.se\\\/wp-content\\\/uploads\\\/2026\\\/02\\\/tullskolan_cbam.jpg\",\"width\":1344,\"height\":896},{\"@type\":\"BreadcrumbList\",\"@id\":\"https:\\\/\\\/zendr.se\\\/blogg\\\/cbam-nya-klimatkrav-pa-import-sa-paverkas-du-och-hur-zendr-kan-hjalpa\\\/#breadcrumb\",\"itemListElement\":[{\"@type\":\"ListItem\",\"position\":1,\"name\":\"Home\",\"item\":\"https:\\\/\\\/zendr.se\\\/\"},{\"@type\":\"ListItem\",\"position\":2,\"name\":\"CBAM \u2013 nya klimatkrav p\u00e5 import: s\u00e5 p\u00e5verkas du (och hur Zendr kan hj\u00e4lpa)\"}]},{\"@type\":\"WebSite\",\"@id\":\"https:\\\/\\\/zendr.se\\\/#website\",\"url\":\"https:\\\/\\\/zendr.se\\\/\",\"name\":\"zendr.se\",\"description\":\"Vi f\u00f6renklar frakt\",\"publisher\":{\"@id\":\"https:\\\/\\\/zendr.se\\\/#organization\"},\"potentialAction\":[{\"@type\":\"SearchAction\",\"target\":{\"@type\":\"EntryPoint\",\"urlTemplate\":\"https:\\\/\\\/zendr.se\\\/?s={search_term_string}\"},\"query-input\":{\"@type\":\"PropertyValueSpecification\",\"valueRequired\":true,\"valueName\":\"search_term_string\"}}],\"inLanguage\":\"nb-NO\"},{\"@type\":\"Organization\",\"@id\":\"https:\\\/\\\/zendr.se\\\/#organization\",\"name\":\"Zendr\",\"url\":\"https:\\\/\\\/zendr.se\\\/\",\"logo\":{\"@type\":\"ImageObject\",\"inLanguage\":\"nb-NO\",\"@id\":\"https:\\\/\\\/zendr.se\\\/#\\\/schema\\\/logo\\\/image\\\/\",\"url\":\"https:\\\/\\\/zendr.se\\\/wp-content\\\/uploads\\\/2025\\\/04\\\/cropped-cropped-Zendr-logo-2.png\",\"contentUrl\":\"https:\\\/\\\/zendr.se\\\/wp-content\\\/uploads\\\/2025\\\/04\\\/cropped-cropped-Zendr-logo-2.png\",\"width\":512,\"height\":119,\"caption\":\"Zendr\"},\"image\":{\"@id\":\"https:\\\/\\\/zendr.se\\\/#\\\/schema\\\/logo\\\/image\\\/\"}},{\"@type\":\"Person\",\"@id\":\"https:\\\/\\\/zendr.se\\\/#\\\/schema\\\/person\\\/22d6f32ddae5bd61273090aee4559c55\",\"name\":\"Jonas Ehne\",\"image\":{\"@type\":\"ImageObject\",\"inLanguage\":\"nb-NO\",\"@id\":\"https:\\\/\\\/secure.gravatar.com\\\/avatar\\\/e5d8bab805f957ecfa03c7f8ff36ac77c4f280e78403ab5932cd11222e7e1f4d?s=96&d=mm&r=g\",\"url\":\"https:\\\/\\\/secure.gravatar.com\\\/avatar\\\/e5d8bab805f957ecfa03c7f8ff36ac77c4f280e78403ab5932cd11222e7e1f4d?s=96&d=mm&r=g\",\"contentUrl\":\"https:\\\/\\\/secure.gravatar.com\\\/avatar\\\/e5d8bab805f957ecfa03c7f8ff36ac77c4f280e78403ab5932cd11222e7e1f4d?s=96&d=mm&r=g\",\"caption\":\"Jonas Ehne\"},\"url\":\"https:\\\/\\\/zendr.se\\\/no\\\/blogg\\\/author\\\/jonas-ehne\\\/\"}]}<\/script>\n<!-- \/ Yoast SEO plugin. -->","yoast_head_json":{"title":"CBAM \u2013 nya klimatkrav p\u00e5 import: s\u00e5 p\u00e5verkas du (och hur Zendr kan hj\u00e4lpa) - Zendr - F\u00f6renkla din f\u00f6retagsfrakt","robots":{"index":"index","follow":"follow","max-snippet":"max-snippet:-1","max-image-preview":"max-image-preview:large","max-video-preview":"max-video-preview:-1"},"canonical":"https:\/\/zendr.se\/no\/blogg\/cbam-nya-klimatkrav-pa-import-sa-paverkas-du-och-hur-zendr-kan-hjalpa\/","og_locale":"nb_NO","og_type":"article","og_title":"CBAM \u2013 nya klimatkrav p\u00e5 import: s\u00e5 p\u00e5verkas du (och hur Zendr kan hj\u00e4lpa) - Zendr - F\u00f6renkla din f\u00f6retagsfrakt","og_description":"Med CBAM st\u00e4lls nya krav p\u00e5 dig som import\u00f6r. Tullskolan reder ut vad dessa nya klimatkrav fr\u00e5n EU inneb\u00e4r f\u00f6r dig.","og_url":"https:\/\/zendr.se\/no\/blogg\/cbam-nya-klimatkrav-pa-import-sa-paverkas-du-och-hur-zendr-kan-hjalpa\/","og_site_name":"Zendr - F\u00f6renkla din f\u00f6retagsfrakt","article_published_time":"2026-03-06T19:12:12+00:00","article_modified_time":"2026-04-13T18:13:07+00:00","og_image":[{"width":1344,"height":896,"url":"https:\/\/zendr.se\/wp-content\/uploads\/2026\/02\/tullskolan_cbam.jpg","type":"image\/jpeg"}],"author":"Jonas Ehne","twitter_card":"summary_large_image","twitter_misc":{"Skrevet av":"Jonas Ehne","Ansl. lesetid":"4 minutter"},"schema":{"@context":"https:\/\/schema.org","@graph":[{"@type":"Article","@id":"https:\/\/zendr.se\/blogg\/cbam-nya-klimatkrav-pa-import-sa-paverkas-du-och-hur-zendr-kan-hjalpa\/#article","isPartOf":{"@id":"https:\/\/zendr.se\/blogg\/cbam-nya-klimatkrav-pa-import-sa-paverkas-du-och-hur-zendr-kan-hjalpa\/"},"author":{"name":"Jonas Ehne","@id":"https:\/\/zendr.se\/#\/schema\/person\/22d6f32ddae5bd61273090aee4559c55"},"headline":"CBAM \u2013 nya klimatkrav p\u00e5 import: s\u00e5 p\u00e5verkas du (och hur Zendr kan hj\u00e4lpa)","datePublished":"2026-03-06T19:12:12+00:00","dateModified":"2026-04-13T18:13:07+00:00","mainEntityOfPage":{"@id":"https:\/\/zendr.se\/blogg\/cbam-nya-klimatkrav-pa-import-sa-paverkas-du-och-hur-zendr-kan-hjalpa\/"},"wordCount":727,"publisher":{"@id":"https:\/\/zendr.se\/#organization"},"image":{"@id":"https:\/\/zendr.se\/blogg\/cbam-nya-klimatkrav-pa-import-sa-paverkas-du-och-hur-zendr-kan-hjalpa\/#primaryimage"},"thumbnailUrl":"https:\/\/zendr.se\/wp-content\/uploads\/2026\/02\/tullskolan_cbam.jpg","keywords":["Tullskolan"],"articleSection":["Uncategorized"],"inLanguage":"nb-NO"},{"@type":"WebPage","@id":"https:\/\/zendr.se\/blogg\/cbam-nya-klimatkrav-pa-import-sa-paverkas-du-och-hur-zendr-kan-hjalpa\/","url":"https:\/\/zendr.se\/blogg\/cbam-nya-klimatkrav-pa-import-sa-paverkas-du-och-hur-zendr-kan-hjalpa\/","name":"CBAM \u2013 nya klimatkrav p\u00e5 import: s\u00e5 p\u00e5verkas du (och hur Zendr kan hj\u00e4lpa) - Zendr - F\u00f6renkla din f\u00f6retagsfrakt","isPartOf":{"@id":"https:\/\/zendr.se\/#website"},"primaryImageOfPage":{"@id":"https:\/\/zendr.se\/blogg\/cbam-nya-klimatkrav-pa-import-sa-paverkas-du-och-hur-zendr-kan-hjalpa\/#primaryimage"},"image":{"@id":"https:\/\/zendr.se\/blogg\/cbam-nya-klimatkrav-pa-import-sa-paverkas-du-och-hur-zendr-kan-hjalpa\/#primaryimage"},"thumbnailUrl":"https:\/\/zendr.se\/wp-content\/uploads\/2026\/02\/tullskolan_cbam.jpg","datePublished":"2026-03-06T19:12:12+00:00","dateModified":"2026-04-13T18:13:07+00:00","breadcrumb":{"@id":"https:\/\/zendr.se\/blogg\/cbam-nya-klimatkrav-pa-import-sa-paverkas-du-och-hur-zendr-kan-hjalpa\/#breadcrumb"},"inLanguage":"nb-NO","potentialAction":[{"@type":"ReadAction","target":["https:\/\/zendr.se\/blogg\/cbam-nya-klimatkrav-pa-import-sa-paverkas-du-och-hur-zendr-kan-hjalpa\/"]}]},{"@type":"ImageObject","inLanguage":"nb-NO","@id":"https:\/\/zendr.se\/blogg\/cbam-nya-klimatkrav-pa-import-sa-paverkas-du-och-hur-zendr-kan-hjalpa\/#primaryimage","url":"https:\/\/zendr.se\/wp-content\/uploads\/2026\/02\/tullskolan_cbam.jpg","contentUrl":"https:\/\/zendr.se\/wp-content\/uploads\/2026\/02\/tullskolan_cbam.jpg","width":1344,"height":896},{"@type":"BreadcrumbList","@id":"https:\/\/zendr.se\/blogg\/cbam-nya-klimatkrav-pa-import-sa-paverkas-du-och-hur-zendr-kan-hjalpa\/#breadcrumb","itemListElement":[{"@type":"ListItem","position":1,"name":"Home","item":"https:\/\/zendr.se\/"},{"@type":"ListItem","position":2,"name":"CBAM \u2013 nya klimatkrav p\u00e5 import: s\u00e5 p\u00e5verkas du (och hur Zendr kan hj\u00e4lpa)"}]},{"@type":"WebSite","@id":"https:\/\/zendr.se\/#website","url":"https:\/\/zendr.se\/","name":"zendr.se","description":"Vi forenkler frakt","publisher":{"@id":"https:\/\/zendr.se\/#organization"},"potentialAction":[{"@type":"SearchAction","target":{"@type":"EntryPoint","urlTemplate":"https:\/\/zendr.se\/?s={search_term_string}"},"query-input":{"@type":"PropertyValueSpecification","valueRequired":true,"valueName":"search_term_string"}}],"inLanguage":"nb-NO"},{"@type":"Organization","@id":"https:\/\/zendr.se\/#organization","name":"Zendr","url":"https:\/\/zendr.se\/","logo":{"@type":"ImageObject","inLanguage":"nb-NO","@id":"https:\/\/zendr.se\/#\/schema\/logo\/image\/","url":"https:\/\/zendr.se\/wp-content\/uploads\/2025\/04\/cropped-cropped-Zendr-logo-2.png","contentUrl":"https:\/\/zendr.se\/wp-content\/uploads\/2025\/04\/cropped-cropped-Zendr-logo-2.png","width":512,"height":119,"caption":"Zendr"},"image":{"@id":"https:\/\/zendr.se\/#\/schema\/logo\/image\/"}},{"@type":"Person","@id":"https:\/\/zendr.se\/#\/schema\/person\/22d6f32ddae5bd61273090aee4559c55","name":"Jonas Ehne","image":{"@type":"ImageObject","inLanguage":"nb-NO","@id":"https:\/\/secure.gravatar.com\/avatar\/e5d8bab805f957ecfa03c7f8ff36ac77c4f280e78403ab5932cd11222e7e1f4d?s=96&d=mm&r=g","url":"https:\/\/secure.gravatar.com\/avatar\/e5d8bab805f957ecfa03c7f8ff36ac77c4f280e78403ab5932cd11222e7e1f4d?s=96&d=mm&r=g","contentUrl":"https:\/\/secure.gravatar.com\/avatar\/e5d8bab805f957ecfa03c7f8ff36ac77c4f280e78403ab5932cd11222e7e1f4d?s=96&d=mm&r=g","caption":"Jonas Ehne"},"url":"https:\/\/zendr.se\/no\/blogg\/author\/jonas-ehne\/"}]}},"jetpack_featured_media_url":"https:\/\/zendr.se\/wp-content\/uploads\/2026\/02\/tullskolan_cbam.jpg","_links":{"self":[{"href":"https:\/\/zendr.se\/no\/wp-json\/wp\/v2\/posts\/8435","targetHints":{"allow":["GET"]}}],"collection":[{"href":"https:\/\/zendr.se\/no\/wp-json\/wp\/v2\/posts"}],"about":[{"href":"https:\/\/zendr.se\/no\/wp-json\/wp\/v2\/types\/post"}],"author":[{"embeddable":true,"href":"https:\/\/zendr.se\/no\/wp-json\/wp\/v2\/users\/13"}],"replies":[{"embeddable":true,"href":"https:\/\/zendr.se\/no\/wp-json\/wp\/v2\/comments?post=8435"}],"version-history":[{"count":2,"href":"https:\/\/zendr.se\/no\/wp-json\/wp\/v2\/posts\/8435\/revisions"}],"predecessor-version":[{"id":8727,"href":"https:\/\/zendr.se\/no\/wp-json\/wp\/v2\/posts\/8435\/revisions\/8727"}],"wp:featuredmedia":[{"embeddable":true,"href":"https:\/\/zendr.se\/no\/wp-json\/wp\/v2\/media\/8726"}],"wp:attachment":[{"href":"https:\/\/zendr.se\/no\/wp-json\/wp\/v2\/media?parent=8435"}],"wp:term":[{"taxonomy":"category","embeddable":true,"href":"https:\/\/zendr.se\/no\/wp-json\/wp\/v2\/categories?post=8435"},{"taxonomy":"post_tag","embeddable":true,"href":"https:\/\/zendr.se\/no\/wp-json\/wp\/v2\/tags?post=8435"}],"curies":[{"name":"wp","href":"https:\/\/api.w.org\/{rel}","templated":true}]}}