{"id":8728,"date":"2026-04-02T11:09:39","date_gmt":"2026-04-02T09:09:39","guid":{"rendered":"https:\/\/zendr.se\/intrepid\/?p=8728"},"modified":"2026-04-17T11:10:46","modified_gmt":"2026-04-17T09:10:46","slug":"tillfalliga-pristillagg-pa-flygfrakt-till-mellanostern-det-har-behover-du-veta","status":"publish","type":"post","link":"https:\/\/zendr.se\/no\/blogg\/tillfalliga-pristillagg-pa-flygfrakt-till-mellanostern-det-har-behover-du-veta\/","title":{"rendered":"Midlertidige pristillegg p\u00e5 flyfrakt til Midt\u00f8sten \u2013 dette trenger du \u00e5 vite"},"content":{"rendered":"","protected":false},"excerpt":{"rendered":"<p>Krigen i Midt\u00f8sten p\u00e5g\u00e5r fremdeles, og det globale logistikkmarkedet p\u00e5virkes. Her forteller vi hvordan det p\u00e5virker dere.<\/p>","protected":false},"author":13,"featured_media":8730,"comment_status":"closed","ping_status":"closed","sticky":false,"template":"","format":"standard","meta":{"_acf_changed":false,"footnotes":""},"categories":[1],"tags":[55],"class_list":["post-8728","post","type-post","status-publish","format-standard","has-post-thumbnail","hentry","category-uncategorized","tag-branschnyheter"],"acf":[],"yoast_head":"<!-- This site is optimized with the Yoast SEO plugin v27.5 - https:\/\/yoast.com\/product\/yoast-seo-wordpress\/ -->\n<title>Tillf\u00e4lliga pristill\u00e4gg p\u00e5 flygfrakt till Mellan\u00f6stern \u2013 det h\u00e4r beh\u00f6ver du veta - Zendr - F\u00f6renkla din f\u00f6retagsfrakt<\/title>\n<meta name=\"robots\" content=\"index, follow, max-snippet:-1, max-image-preview:large, max-video-preview:-1\" \/>\n<link rel=\"canonical\" href=\"https:\/\/zendr.se\/no\/blogg\/tillfalliga-pristillagg-pa-flygfrakt-till-mellanostern-det-har-behover-du-veta\/\" \/>\n<meta property=\"og:locale\" content=\"nb_NO\" \/>\n<meta property=\"og:type\" content=\"article\" \/>\n<meta property=\"og:title\" content=\"Tillf\u00e4lliga pristill\u00e4gg p\u00e5 flygfrakt till Mellan\u00f6stern \u2013 det h\u00e4r beh\u00f6ver du veta - Zendr - F\u00f6renkla din f\u00f6retagsfrakt\" \/>\n<meta property=\"og:description\" content=\"Kriget i Mellan\u00f6stern p\u00e5g\u00e5r alltj\u00e4mt och den globala logistikmarknaden p\u00e5verkas. H\u00e4r ber\u00e4ttar vi hur det p\u00e5verkar er.\" \/>\n<meta property=\"og:url\" content=\"https:\/\/zendr.se\/no\/blogg\/tillfalliga-pristillagg-pa-flygfrakt-till-mellanostern-det-har-behover-du-veta\/\" \/>\n<meta property=\"og:site_name\" content=\"Zendr - F\u00f6renkla din f\u00f6retagsfrakt\" \/>\n<meta property=\"article:published_time\" content=\"2026-04-02T09:09:39+00:00\" \/>\n<meta property=\"article:modified_time\" content=\"2026-04-17T09:10:46+00:00\" \/>\n<meta property=\"og:image\" content=\"https:\/\/zendr.se\/wp-content\/uploads\/2026\/04\/1773066327684-u1778461483_Earth_viewed_from_high_orbit_focus_on_the_Middle__b66f3075-761c-41f8-b169-32bf5f15d1ac_0.png-2.png\" \/>\n\t<meta property=\"og:image:width\" content=\"1456\" \/>\n\t<meta property=\"og:image:height\" content=\"816\" \/>\n\t<meta property=\"og:image:type\" content=\"image\/png\" \/>\n<meta name=\"author\" content=\"Jonas Ehne\" \/>\n<meta name=\"twitter:card\" content=\"summary_large_image\" \/>\n<meta name=\"twitter:label1\" content=\"Skrevet av\" \/>\n\t<meta name=\"twitter:data1\" content=\"Jonas Ehne\" \/>\n\t<meta name=\"twitter:label2\" content=\"Ansl. lesetid\" \/>\n\t<meta name=\"twitter:data2\" content=\"1 minutt\" \/>\n<script type=\"application\/ld+json\" class=\"yoast-schema-graph\">{\"@context\":\"https:\\\/\\\/schema.org\",\"@graph\":[{\"@type\":\"Article\",\"@id\":\"https:\\\/\\\/zendr.se\\\/blogg\\\/tillfalliga-pristillagg-pa-flygfrakt-till-mellanostern-det-har-behover-du-veta\\\/#article\",\"isPartOf\":{\"@id\":\"https:\\\/\\\/zendr.se\\\/blogg\\\/tillfalliga-pristillagg-pa-flygfrakt-till-mellanostern-det-har-behover-du-veta\\\/\"},\"author\":{\"name\":\"Jonas Ehne\",\"@id\":\"https:\\\/\\\/zendr.se\\\/#\\\/schema\\\/person\\\/22d6f32ddae5bd61273090aee4559c55\"},\"headline\":\"Tillf\u00e4lliga pristill\u00e4gg p\u00e5 flygfrakt till Mellan\u00f6stern \u2013 det h\u00e4r beh\u00f6ver du veta\",\"datePublished\":\"2026-04-02T09:09:39+00:00\",\"dateModified\":\"2026-04-17T09:10:46+00:00\",\"mainEntityOfPage\":{\"@id\":\"https:\\\/\\\/zendr.se\\\/blogg\\\/tillfalliga-pristillagg-pa-flygfrakt-till-mellanostern-det-har-behover-du-veta\\\/\"},\"wordCount\":16,\"publisher\":{\"@id\":\"https:\\\/\\\/zendr.se\\\/#organization\"},\"image\":{\"@id\":\"https:\\\/\\\/zendr.se\\\/blogg\\\/tillfalliga-pristillagg-pa-flygfrakt-till-mellanostern-det-har-behover-du-veta\\\/#primaryimage\"},\"thumbnailUrl\":\"https:\\\/\\\/zendr.se\\\/wp-content\\\/uploads\\\/2026\\\/04\\\/1773066327684-u1778461483_Earth_viewed_from_high_orbit_focus_on_the_Middle__b66f3075-761c-41f8-b169-32bf5f15d1ac_0.png-2.png\",\"keywords\":[\"Branschnyheter\"],\"articleSection\":[\"Uncategorized\"],\"inLanguage\":\"nb-NO\"},{\"@type\":\"WebPage\",\"@id\":\"https:\\\/\\\/zendr.se\\\/blogg\\\/tillfalliga-pristillagg-pa-flygfrakt-till-mellanostern-det-har-behover-du-veta\\\/\",\"url\":\"https:\\\/\\\/zendr.se\\\/blogg\\\/tillfalliga-pristillagg-pa-flygfrakt-till-mellanostern-det-har-behover-du-veta\\\/\",\"name\":\"Tillf\u00e4lliga pristill\u00e4gg p\u00e5 flygfrakt till Mellan\u00f6stern \u2013 det h\u00e4r beh\u00f6ver du veta - Zendr - F\u00f6renkla din f\u00f6retagsfrakt\",\"isPartOf\":{\"@id\":\"https:\\\/\\\/zendr.se\\\/#website\"},\"primaryImageOfPage\":{\"@id\":\"https:\\\/\\\/zendr.se\\\/blogg\\\/tillfalliga-pristillagg-pa-flygfrakt-till-mellanostern-det-har-behover-du-veta\\\/#primaryimage\"},\"image\":{\"@id\":\"https:\\\/\\\/zendr.se\\\/blogg\\\/tillfalliga-pristillagg-pa-flygfrakt-till-mellanostern-det-har-behover-du-veta\\\/#primaryimage\"},\"thumbnailUrl\":\"https:\\\/\\\/zendr.se\\\/wp-content\\\/uploads\\\/2026\\\/04\\\/1773066327684-u1778461483_Earth_viewed_from_high_orbit_focus_on_the_Middle__b66f3075-761c-41f8-b169-32bf5f15d1ac_0.png-2.png\",\"datePublished\":\"2026-04-02T09:09:39+00:00\",\"dateModified\":\"2026-04-17T09:10:46+00:00\",\"breadcrumb\":{\"@id\":\"https:\\\/\\\/zendr.se\\\/blogg\\\/tillfalliga-pristillagg-pa-flygfrakt-till-mellanostern-det-har-behover-du-veta\\\/#breadcrumb\"},\"inLanguage\":\"nb-NO\",\"potentialAction\":[{\"@type\":\"ReadAction\",\"target\":[\"https:\\\/\\\/zendr.se\\\/blogg\\\/tillfalliga-pristillagg-pa-flygfrakt-till-mellanostern-det-har-behover-du-veta\\\/\"]}]},{\"@type\":\"ImageObject\",\"inLanguage\":\"nb-NO\",\"@id\":\"https:\\\/\\\/zendr.se\\\/blogg\\\/tillfalliga-pristillagg-pa-flygfrakt-till-mellanostern-det-har-behover-du-veta\\\/#primaryimage\",\"url\":\"https:\\\/\\\/zendr.se\\\/wp-content\\\/uploads\\\/2026\\\/04\\\/1773066327684-u1778461483_Earth_viewed_from_high_orbit_focus_on_the_Middle__b66f3075-761c-41f8-b169-32bf5f15d1ac_0.png-2.png\",\"contentUrl\":\"https:\\\/\\\/zendr.se\\\/wp-content\\\/uploads\\\/2026\\\/04\\\/1773066327684-u1778461483_Earth_viewed_from_high_orbit_focus_on_the_Middle__b66f3075-761c-41f8-b169-32bf5f15d1ac_0.png-2.png\",\"width\":1456,\"height\":816},{\"@type\":\"BreadcrumbList\",\"@id\":\"https:\\\/\\\/zendr.se\\\/blogg\\\/tillfalliga-pristillagg-pa-flygfrakt-till-mellanostern-det-har-behover-du-veta\\\/#breadcrumb\",\"itemListElement\":[{\"@type\":\"ListItem\",\"position\":1,\"name\":\"Home\",\"item\":\"https:\\\/\\\/zendr.se\\\/\"},{\"@type\":\"ListItem\",\"position\":2,\"name\":\"Tillf\u00e4lliga pristill\u00e4gg p\u00e5 flygfrakt till Mellan\u00f6stern \u2013 det h\u00e4r beh\u00f6ver du veta\"}]},{\"@type\":\"WebSite\",\"@id\":\"https:\\\/\\\/zendr.se\\\/#website\",\"url\":\"https:\\\/\\\/zendr.se\\\/\",\"name\":\"zendr.se\",\"description\":\"Vi f\u00f6renklar frakt\",\"publisher\":{\"@id\":\"https:\\\/\\\/zendr.se\\\/#organization\"},\"potentialAction\":[{\"@type\":\"SearchAction\",\"target\":{\"@type\":\"EntryPoint\",\"urlTemplate\":\"https:\\\/\\\/zendr.se\\\/?s={search_term_string}\"},\"query-input\":{\"@type\":\"PropertyValueSpecification\",\"valueRequired\":true,\"valueName\":\"search_term_string\"}}],\"inLanguage\":\"nb-NO\"},{\"@type\":\"Organization\",\"@id\":\"https:\\\/\\\/zendr.se\\\/#organization\",\"name\":\"Zendr\",\"url\":\"https:\\\/\\\/zendr.se\\\/\",\"logo\":{\"@type\":\"ImageObject\",\"inLanguage\":\"nb-NO\",\"@id\":\"https:\\\/\\\/zendr.se\\\/#\\\/schema\\\/logo\\\/image\\\/\",\"url\":\"https:\\\/\\\/zendr.se\\\/wp-content\\\/uploads\\\/2025\\\/04\\\/cropped-cropped-Zendr-logo-2.png\",\"contentUrl\":\"https:\\\/\\\/zendr.se\\\/wp-content\\\/uploads\\\/2025\\\/04\\\/cropped-cropped-Zendr-logo-2.png\",\"width\":512,\"height\":119,\"caption\":\"Zendr\"},\"image\":{\"@id\":\"https:\\\/\\\/zendr.se\\\/#\\\/schema\\\/logo\\\/image\\\/\"}},{\"@type\":\"Person\",\"@id\":\"https:\\\/\\\/zendr.se\\\/#\\\/schema\\\/person\\\/22d6f32ddae5bd61273090aee4559c55\",\"name\":\"Jonas Ehne\",\"image\":{\"@type\":\"ImageObject\",\"inLanguage\":\"nb-NO\",\"@id\":\"https:\\\/\\\/secure.gravatar.com\\\/avatar\\\/e5d8bab805f957ecfa03c7f8ff36ac77c4f280e78403ab5932cd11222e7e1f4d?s=96&d=mm&r=g\",\"url\":\"https:\\\/\\\/secure.gravatar.com\\\/avatar\\\/e5d8bab805f957ecfa03c7f8ff36ac77c4f280e78403ab5932cd11222e7e1f4d?s=96&d=mm&r=g\",\"contentUrl\":\"https:\\\/\\\/secure.gravatar.com\\\/avatar\\\/e5d8bab805f957ecfa03c7f8ff36ac77c4f280e78403ab5932cd11222e7e1f4d?s=96&d=mm&r=g\",\"caption\":\"Jonas Ehne\"},\"url\":\"https:\\\/\\\/zendr.se\\\/no\\\/blogg\\\/author\\\/jonas-ehne\\\/\"}]}<\/script>\n<!-- \/ Yoast SEO plugin. -->","yoast_head_json":{"title":"Tillf\u00e4lliga pristill\u00e4gg p\u00e5 flygfrakt till Mellan\u00f6stern \u2013 det h\u00e4r beh\u00f6ver du veta - Zendr - F\u00f6renkla din f\u00f6retagsfrakt","robots":{"index":"index","follow":"follow","max-snippet":"max-snippet:-1","max-image-preview":"max-image-preview:large","max-video-preview":"max-video-preview:-1"},"canonical":"https:\/\/zendr.se\/no\/blogg\/tillfalliga-pristillagg-pa-flygfrakt-till-mellanostern-det-har-behover-du-veta\/","og_locale":"nb_NO","og_type":"article","og_title":"Tillf\u00e4lliga pristill\u00e4gg p\u00e5 flygfrakt till Mellan\u00f6stern \u2013 det h\u00e4r beh\u00f6ver du veta - Zendr - F\u00f6renkla din f\u00f6retagsfrakt","og_description":"Kriget i Mellan\u00f6stern p\u00e5g\u00e5r alltj\u00e4mt och den globala logistikmarknaden p\u00e5verkas. H\u00e4r ber\u00e4ttar vi hur det p\u00e5verkar er.","og_url":"https:\/\/zendr.se\/no\/blogg\/tillfalliga-pristillagg-pa-flygfrakt-till-mellanostern-det-har-behover-du-veta\/","og_site_name":"Zendr - F\u00f6renkla din f\u00f6retagsfrakt","article_published_time":"2026-04-02T09:09:39+00:00","article_modified_time":"2026-04-17T09:10:46+00:00","og_image":[{"width":1456,"height":816,"url":"https:\/\/zendr.se\/wp-content\/uploads\/2026\/04\/1773066327684-u1778461483_Earth_viewed_from_high_orbit_focus_on_the_Middle__b66f3075-761c-41f8-b169-32bf5f15d1ac_0.png-2.png","type":"image\/png"}],"author":"Jonas Ehne","twitter_card":"summary_large_image","twitter_misc":{"Skrevet av":"Jonas Ehne","Ansl. lesetid":"1 minutt"},"schema":{"@context":"https:\/\/schema.org","@graph":[{"@type":"Article","@id":"https:\/\/zendr.se\/blogg\/tillfalliga-pristillagg-pa-flygfrakt-till-mellanostern-det-har-behover-du-veta\/#article","isPartOf":{"@id":"https:\/\/zendr.se\/blogg\/tillfalliga-pristillagg-pa-flygfrakt-till-mellanostern-det-har-behover-du-veta\/"},"author":{"name":"Jonas Ehne","@id":"https:\/\/zendr.se\/#\/schema\/person\/22d6f32ddae5bd61273090aee4559c55"},"headline":"Tillf\u00e4lliga pristill\u00e4gg p\u00e5 flygfrakt till Mellan\u00f6stern \u2013 det h\u00e4r beh\u00f6ver du veta","datePublished":"2026-04-02T09:09:39+00:00","dateModified":"2026-04-17T09:10:46+00:00","mainEntityOfPage":{"@id":"https:\/\/zendr.se\/blogg\/tillfalliga-pristillagg-pa-flygfrakt-till-mellanostern-det-har-behover-du-veta\/"},"wordCount":16,"publisher":{"@id":"https:\/\/zendr.se\/#organization"},"image":{"@id":"https:\/\/zendr.se\/blogg\/tillfalliga-pristillagg-pa-flygfrakt-till-mellanostern-det-har-behover-du-veta\/#primaryimage"},"thumbnailUrl":"https:\/\/zendr.se\/wp-content\/uploads\/2026\/04\/1773066327684-u1778461483_Earth_viewed_from_high_orbit_focus_on_the_Middle__b66f3075-761c-41f8-b169-32bf5f15d1ac_0.png-2.png","keywords":["Branschnyheter"],"articleSection":["Uncategorized"],"inLanguage":"nb-NO"},{"@type":"WebPage","@id":"https:\/\/zendr.se\/blogg\/tillfalliga-pristillagg-pa-flygfrakt-till-mellanostern-det-har-behover-du-veta\/","url":"https:\/\/zendr.se\/blogg\/tillfalliga-pristillagg-pa-flygfrakt-till-mellanostern-det-har-behover-du-veta\/","name":"Tillf\u00e4lliga pristill\u00e4gg p\u00e5 flygfrakt till Mellan\u00f6stern \u2013 det h\u00e4r beh\u00f6ver du veta - Zendr - F\u00f6renkla din f\u00f6retagsfrakt","isPartOf":{"@id":"https:\/\/zendr.se\/#website"},"primaryImageOfPage":{"@id":"https:\/\/zendr.se\/blogg\/tillfalliga-pristillagg-pa-flygfrakt-till-mellanostern-det-har-behover-du-veta\/#primaryimage"},"image":{"@id":"https:\/\/zendr.se\/blogg\/tillfalliga-pristillagg-pa-flygfrakt-till-mellanostern-det-har-behover-du-veta\/#primaryimage"},"thumbnailUrl":"https:\/\/zendr.se\/wp-content\/uploads\/2026\/04\/1773066327684-u1778461483_Earth_viewed_from_high_orbit_focus_on_the_Middle__b66f3075-761c-41f8-b169-32bf5f15d1ac_0.png-2.png","datePublished":"2026-04-02T09:09:39+00:00","dateModified":"2026-04-17T09:10:46+00:00","breadcrumb":{"@id":"https:\/\/zendr.se\/blogg\/tillfalliga-pristillagg-pa-flygfrakt-till-mellanostern-det-har-behover-du-veta\/#breadcrumb"},"inLanguage":"nb-NO","potentialAction":[{"@type":"ReadAction","target":["https:\/\/zendr.se\/blogg\/tillfalliga-pristillagg-pa-flygfrakt-till-mellanostern-det-har-behover-du-veta\/"]}]},{"@type":"ImageObject","inLanguage":"nb-NO","@id":"https:\/\/zendr.se\/blogg\/tillfalliga-pristillagg-pa-flygfrakt-till-mellanostern-det-har-behover-du-veta\/#primaryimage","url":"https:\/\/zendr.se\/wp-content\/uploads\/2026\/04\/1773066327684-u1778461483_Earth_viewed_from_high_orbit_focus_on_the_Middle__b66f3075-761c-41f8-b169-32bf5f15d1ac_0.png-2.png","contentUrl":"https:\/\/zendr.se\/wp-content\/uploads\/2026\/04\/1773066327684-u1778461483_Earth_viewed_from_high_orbit_focus_on_the_Middle__b66f3075-761c-41f8-b169-32bf5f15d1ac_0.png-2.png","width":1456,"height":816},{"@type":"BreadcrumbList","@id":"https:\/\/zendr.se\/blogg\/tillfalliga-pristillagg-pa-flygfrakt-till-mellanostern-det-har-behover-du-veta\/#breadcrumb","itemListElement":[{"@type":"ListItem","position":1,"name":"Home","item":"https:\/\/zendr.se\/"},{"@type":"ListItem","position":2,"name":"Tillf\u00e4lliga pristill\u00e4gg p\u00e5 flygfrakt till Mellan\u00f6stern \u2013 det h\u00e4r beh\u00f6ver du veta"}]},{"@type":"WebSite","@id":"https:\/\/zendr.se\/#website","url":"https:\/\/zendr.se\/","name":"zendr.se","description":"Vi forenkler frakt","publisher":{"@id":"https:\/\/zendr.se\/#organization"},"potentialAction":[{"@type":"SearchAction","target":{"@type":"EntryPoint","urlTemplate":"https:\/\/zendr.se\/?s={search_term_string}"},"query-input":{"@type":"PropertyValueSpecification","valueRequired":true,"valueName":"search_term_string"}}],"inLanguage":"nb-NO"},{"@type":"Organization","@id":"https:\/\/zendr.se\/#organization","name":"Zendr","url":"https:\/\/zendr.se\/","logo":{"@type":"ImageObject","inLanguage":"nb-NO","@id":"https:\/\/zendr.se\/#\/schema\/logo\/image\/","url":"https:\/\/zendr.se\/wp-content\/uploads\/2025\/04\/cropped-cropped-Zendr-logo-2.png","contentUrl":"https:\/\/zendr.se\/wp-content\/uploads\/2025\/04\/cropped-cropped-Zendr-logo-2.png","width":512,"height":119,"caption":"Zendr"},"image":{"@id":"https:\/\/zendr.se\/#\/schema\/logo\/image\/"}},{"@type":"Person","@id":"https:\/\/zendr.se\/#\/schema\/person\/22d6f32ddae5bd61273090aee4559c55","name":"Jonas Ehne","image":{"@type":"ImageObject","inLanguage":"nb-NO","@id":"https:\/\/secure.gravatar.com\/avatar\/e5d8bab805f957ecfa03c7f8ff36ac77c4f280e78403ab5932cd11222e7e1f4d?s=96&d=mm&r=g","url":"https:\/\/secure.gravatar.com\/avatar\/e5d8bab805f957ecfa03c7f8ff36ac77c4f280e78403ab5932cd11222e7e1f4d?s=96&d=mm&r=g","contentUrl":"https:\/\/secure.gravatar.com\/avatar\/e5d8bab805f957ecfa03c7f8ff36ac77c4f280e78403ab5932cd11222e7e1f4d?s=96&d=mm&r=g","caption":"Jonas Ehne"},"url":"https:\/\/zendr.se\/no\/blogg\/author\/jonas-ehne\/"}]}},"jetpack_featured_media_url":"https:\/\/zendr.se\/wp-content\/uploads\/2026\/04\/1773066327684-u1778461483_Earth_viewed_from_high_orbit_focus_on_the_Middle__b66f3075-761c-41f8-b169-32bf5f15d1ac_0.png-2.png","_links":{"self":[{"href":"https:\/\/zendr.se\/no\/wp-json\/wp\/v2\/posts\/8728","targetHints":{"allow":["GET"]}}],"collection":[{"href":"https:\/\/zendr.se\/no\/wp-json\/wp\/v2\/posts"}],"about":[{"href":"https:\/\/zendr.se\/no\/wp-json\/wp\/v2\/types\/post"}],"author":[{"embeddable":true,"href":"https:\/\/zendr.se\/no\/wp-json\/wp\/v2\/users\/13"}],"replies":[{"embeddable":true,"href":"https:\/\/zendr.se\/no\/wp-json\/wp\/v2\/comments?post=8728"}],"version-history":[{"count":1,"href":"https:\/\/zendr.se\/no\/wp-json\/wp\/v2\/posts\/8728\/revisions"}],"predecessor-version":[{"id":8729,"href":"https:\/\/zendr.se\/no\/wp-json\/wp\/v2\/posts\/8728\/revisions\/8729"}],"wp:featuredmedia":[{"embeddable":true,"href":"https:\/\/zendr.se\/no\/wp-json\/wp\/v2\/media\/8730"}],"wp:attachment":[{"href":"https:\/\/zendr.se\/no\/wp-json\/wp\/v2\/media?parent=8728"}],"wp:term":[{"taxonomy":"category","embeddable":true,"href":"https:\/\/zendr.se\/no\/wp-json\/wp\/v2\/categories?post=8728"},{"taxonomy":"post_tag","embeddable":true,"href":"https:\/\/zendr.se\/no\/wp-json\/wp\/v2\/tags?post=8728"}],"curies":[{"name":"wp","href":"https:\/\/api.w.org\/{rel}","templated":true}]}}