{"id":8811,"date":"2026-04-29T07:00:00","date_gmt":"2026-04-29T05:00:00","guid":{"rendered":"https:\/\/zendr.se\/?p=8811"},"modified":"2026-04-28T14:26:00","modified_gmt":"2026-04-28T12:26:00","slug":"nagot-stort-ar-pa-gang-fa-inblick-i-portal-2-0","status":"publish","type":"post","link":"https:\/\/zendr.se\/no\/blogg\/nagot-stort-ar-pa-gang-fa-inblick-i-portal-2-0\/","title":{"rendered":"Noe stort er p\u00e5 gang \u2013 f\u00e5 innsikt i Portal 2.0"},"content":{"rendered":"<p>Under de senaste \u00e5ren har vi haft f\u00f6rm\u00e5nen att arbeta n\u00e4ra tusentals f\u00f6retag och anv\u00e4ndare. Varje bokning, varje fr\u00e5ga till supporten och varje f\u00f6rb\u00e4ttringsf\u00f6rslag har gett oss n\u00e5got v\u00e4rdefullt: insikter.<\/p>\n\n\n\n<p>Nu b\u00f6rjar n\u00e4sta kapitel. Vi bygger sedan n\u00e5gra m\u00e5nader tillbaka det som kommer bli <strong>Zendr Portal 2.0<\/strong>.<\/p>\n\n\n\n<h2 class=\"wp-block-heading\"><strong>Byggt p\u00e5 verkliga behov \u2013 inte antaganden<\/strong><\/h2>\n\n\n\n<p>Det h\u00e4r \u00e4r inte en uppdatering som kommer fr\u00e5n ett internt id\u00e9arbete i ett vakuum. Tv\u00e4rtom. Bakom Portal 2.0 ligger flera \u00e5r av erfarenhet, kundfeedback och konkreta insikter fr\u00e5n verkligheten. Allt som har sagts \u2013 fr\u00e5n sm\u00e5 irritationsmoment till st\u00f6rre utmaningar \u2013 har f\u00e5ngats upp, analyserats och tagits vidare in i utvecklingsarbetet.<\/p>\n\n\n\n<h2 class=\"wp-block-heading\"><strong>Ett tydligt m\u00e5l: f\u00f6renkla hela fraktfr\u00e5gan<\/strong><\/h2>\n\n\n\n<p>V\u00e5rt team jobbar just nu intensivt med att skapa en l\u00f6sning som inte bara f\u00f6rb\u00e4ttrar delar av fraktprocessen \u2013 utan som faktiskt underl\u00e4ttar helheten.<\/p>\n\n\n\n<p>Fr\u00e5n f\u00f6rsta bokning till uppf\u00f6ljning.<br>Fr\u00e5n enkla paket till mer komplexa fl\u00f6den.<\/p>\n\n\n\n<p>M\u00e5let \u00e4r att g\u00f6ra det som ofta upplevs som kr\u00e5ngligt, tidskr\u00e4vande och splittrat \u2013 till n\u00e5got som bara fungerar.<\/p>\n\n\n\n<h2 class=\"wp-block-heading\"><strong>Vi \u00f6ppnar upp processen<\/strong><\/h2>\n\n\n\n<p>Lanseringen av Portal 2.0 kommer inte ske i det tysta.<\/p>\n\n\n\n<p>Under en period fram\u00e5t kommer vi dela med oss av resan dit. Du kommer f\u00e5 f\u00f6lja processen bakom kulisserna \u2013 fr\u00e5n id\u00e9 till f\u00e4rdig funktion.<\/p>\n\n\n\n<p>Vi kommer bland annat att:<\/p>\n\n\n\n<ul class=\"wp-block-list\">\n<li>Introducera nyckelspelare i teamet som bygger Portal 2.0<\/li>\n\n\n\n<li>Ber\u00e4tta om ny funktionalitet som utvecklas<\/li>\n\n\n\n<li>Visa konkreta exempel p\u00e5 hur kundernas utmaningar direkt p\u00e5verkar vad vi bygger<\/li>\n<\/ul>\n\n\n\n<p>Det h\u00e4r \u00e4r inte bara en produktlansering. Det \u00e4r en utveckling vi vill g\u00f6ra tillsammans med v\u00e5ra anv\u00e4ndare.<\/p>\n\n\n\n<h2 class=\"wp-block-heading\"><strong>Vill du vara med och p\u00e5verka?<\/strong><\/h2>\n\n\n\n<p>Vi \u00f6ppnar ocks\u00e5 upp m\u00f6jligheten att vara med tidigt.<\/p>\n\n\n\n<p>Redan nu kan du ans\u00f6ka om att f\u00e5 testa en beta-version av Portal 2.0 och bidra med feedback innan lansering. Det ger dig inte bara en f\u00f6rhandsvisning \u2013 utan ocks\u00e5 m\u00f6jlighet att p\u00e5verka slutresultatet.<\/p>","protected":false},"excerpt":{"rendered":"<p>En av de st\u00f6rsta f\u00f6r\u00e4ndringarna i Zendrs historia n\u00e4rmar sig &#8211; Portal 2.0! Ta del av processen och tankarna bakom och ta chansen att vara med och p\u00e5verka. <\/p>","protected":false},"author":13,"featured_media":8812,"comment_status":"closed","ping_status":"closed","sticky":false,"template":"","format":"standard","meta":{"_acf_changed":false,"footnotes":""},"categories":[1],"tags":[62],"class_list":["post-8811","post","type-post","status-publish","format-standard","has-post-thumbnail","hentry","category-uncategorized","tag-portal-2-0"],"acf":[],"yoast_head":"<!-- This site is optimized with the Yoast SEO plugin v27.5 - https:\/\/yoast.com\/product\/yoast-seo-wordpress\/ -->\n<title>N\u00e5got stort \u00e4r p\u00e5 g\u00e5ng \u2013 f\u00e5 inblick i Portal 2.0 - Zendr - F\u00f6renkla din f\u00f6retagsfrakt<\/title>\n<meta name=\"robots\" content=\"index, follow, max-snippet:-1, max-image-preview:large, max-video-preview:-1\" \/>\n<link rel=\"canonical\" href=\"https:\/\/zendr.se\/no\/blogg\/nagot-stort-ar-pa-gang-fa-inblick-i-portal-2-0\/\" \/>\n<meta property=\"og:locale\" content=\"nb_NO\" \/>\n<meta property=\"og:type\" content=\"article\" \/>\n<meta property=\"og:title\" content=\"N\u00e5got stort \u00e4r p\u00e5 g\u00e5ng \u2013 f\u00e5 inblick i Portal 2.0 - Zendr - F\u00f6renkla din f\u00f6retagsfrakt\" \/>\n<meta property=\"og:description\" content=\"En av de st\u00f6rsta f\u00f6r\u00e4ndringarna i Zendrs historia n\u00e4rmar sig - Portal 2.0! Ta del av processen och tankarna bakom och ta chansen att vara med och p\u00e5verka.\" \/>\n<meta property=\"og:url\" content=\"https:\/\/zendr.se\/no\/blogg\/nagot-stort-ar-pa-gang-fa-inblick-i-portal-2-0\/\" \/>\n<meta property=\"og:site_name\" content=\"Zendr - F\u00f6renkla din f\u00f6retagsfrakt\" \/>\n<meta property=\"article:published_time\" content=\"2026-04-29T05:00:00+00:00\" \/>\n<meta property=\"og:image\" content=\"https:\/\/zendr.se\/wp-content\/uploads\/2026\/04\/portal_zendr.jpg\" \/>\n\t<meta property=\"og:image:width\" content=\"2000\" \/>\n\t<meta property=\"og:image:height\" content=\"1000\" \/>\n\t<meta property=\"og:image:type\" content=\"image\/jpeg\" \/>\n<meta name=\"author\" content=\"Jonas Ehne\" \/>\n<meta name=\"twitter:card\" content=\"summary_large_image\" \/>\n<meta name=\"twitter:label1\" content=\"Skrevet av\" \/>\n\t<meta name=\"twitter:data1\" content=\"Jonas Ehne\" \/>\n\t<meta name=\"twitter:label2\" content=\"Ansl. lesetid\" \/>\n\t<meta name=\"twitter:data2\" content=\"2 minutter\" \/>\n<script type=\"application\/ld+json\" class=\"yoast-schema-graph\">{\"@context\":\"https:\\\/\\\/schema.org\",\"@graph\":[{\"@type\":\"Article\",\"@id\":\"https:\\\/\\\/zendr.se\\\/blogg\\\/nagot-stort-ar-pa-gang-fa-inblick-i-portal-2-0\\\/#article\",\"isPartOf\":{\"@id\":\"https:\\\/\\\/zendr.se\\\/blogg\\\/nagot-stort-ar-pa-gang-fa-inblick-i-portal-2-0\\\/\"},\"author\":{\"name\":\"Jonas Ehne\",\"@id\":\"https:\\\/\\\/zendr.se\\\/#\\\/schema\\\/person\\\/22d6f32ddae5bd61273090aee4559c55\"},\"headline\":\"N\u00e5got stort \u00e4r p\u00e5 g\u00e5ng \u2013 f\u00e5 inblick i Portal 2.0\",\"datePublished\":\"2026-04-29T05:00:00+00:00\",\"mainEntityOfPage\":{\"@id\":\"https:\\\/\\\/zendr.se\\\/blogg\\\/nagot-stort-ar-pa-gang-fa-inblick-i-portal-2-0\\\/\"},\"wordCount\":360,\"publisher\":{\"@id\":\"https:\\\/\\\/zendr.se\\\/#organization\"},\"image\":{\"@id\":\"https:\\\/\\\/zendr.se\\\/blogg\\\/nagot-stort-ar-pa-gang-fa-inblick-i-portal-2-0\\\/#primaryimage\"},\"thumbnailUrl\":\"https:\\\/\\\/zendr.se\\\/wp-content\\\/uploads\\\/2026\\\/04\\\/portal_zendr.jpg\",\"keywords\":[\"Portal 2.0\"],\"articleSection\":[\"Uncategorized\"],\"inLanguage\":\"nb-NO\"},{\"@type\":\"WebPage\",\"@id\":\"https:\\\/\\\/zendr.se\\\/blogg\\\/nagot-stort-ar-pa-gang-fa-inblick-i-portal-2-0\\\/\",\"url\":\"https:\\\/\\\/zendr.se\\\/blogg\\\/nagot-stort-ar-pa-gang-fa-inblick-i-portal-2-0\\\/\",\"name\":\"N\u00e5got stort \u00e4r p\u00e5 g\u00e5ng \u2013 f\u00e5 inblick i Portal 2.0 - Zendr - F\u00f6renkla din f\u00f6retagsfrakt\",\"isPartOf\":{\"@id\":\"https:\\\/\\\/zendr.se\\\/#website\"},\"primaryImageOfPage\":{\"@id\":\"https:\\\/\\\/zendr.se\\\/blogg\\\/nagot-stort-ar-pa-gang-fa-inblick-i-portal-2-0\\\/#primaryimage\"},\"image\":{\"@id\":\"https:\\\/\\\/zendr.se\\\/blogg\\\/nagot-stort-ar-pa-gang-fa-inblick-i-portal-2-0\\\/#primaryimage\"},\"thumbnailUrl\":\"https:\\\/\\\/zendr.se\\\/wp-content\\\/uploads\\\/2026\\\/04\\\/portal_zendr.jpg\",\"datePublished\":\"2026-04-29T05:00:00+00:00\",\"breadcrumb\":{\"@id\":\"https:\\\/\\\/zendr.se\\\/blogg\\\/nagot-stort-ar-pa-gang-fa-inblick-i-portal-2-0\\\/#breadcrumb\"},\"inLanguage\":\"nb-NO\",\"potentialAction\":[{\"@type\":\"ReadAction\",\"target\":[\"https:\\\/\\\/zendr.se\\\/blogg\\\/nagot-stort-ar-pa-gang-fa-inblick-i-portal-2-0\\\/\"]}]},{\"@type\":\"ImageObject\",\"inLanguage\":\"nb-NO\",\"@id\":\"https:\\\/\\\/zendr.se\\\/blogg\\\/nagot-stort-ar-pa-gang-fa-inblick-i-portal-2-0\\\/#primaryimage\",\"url\":\"https:\\\/\\\/zendr.se\\\/wp-content\\\/uploads\\\/2026\\\/04\\\/portal_zendr.jpg\",\"contentUrl\":\"https:\\\/\\\/zendr.se\\\/wp-content\\\/uploads\\\/2026\\\/04\\\/portal_zendr.jpg\",\"width\":2000,\"height\":1000},{\"@type\":\"BreadcrumbList\",\"@id\":\"https:\\\/\\\/zendr.se\\\/blogg\\\/nagot-stort-ar-pa-gang-fa-inblick-i-portal-2-0\\\/#breadcrumb\",\"itemListElement\":[{\"@type\":\"ListItem\",\"position\":1,\"name\":\"Home\",\"item\":\"https:\\\/\\\/zendr.se\\\/\"},{\"@type\":\"ListItem\",\"position\":2,\"name\":\"N\u00e5got stort \u00e4r p\u00e5 g\u00e5ng \u2013 f\u00e5 inblick i Portal 2.0\"}]},{\"@type\":\"WebSite\",\"@id\":\"https:\\\/\\\/zendr.se\\\/#website\",\"url\":\"https:\\\/\\\/zendr.se\\\/\",\"name\":\"zendr.se\",\"description\":\"Vi f\u00f6renklar frakt\",\"publisher\":{\"@id\":\"https:\\\/\\\/zendr.se\\\/#organization\"},\"potentialAction\":[{\"@type\":\"SearchAction\",\"target\":{\"@type\":\"EntryPoint\",\"urlTemplate\":\"https:\\\/\\\/zendr.se\\\/?s={search_term_string}\"},\"query-input\":{\"@type\":\"PropertyValueSpecification\",\"valueRequired\":true,\"valueName\":\"search_term_string\"}}],\"inLanguage\":\"nb-NO\"},{\"@type\":\"Organization\",\"@id\":\"https:\\\/\\\/zendr.se\\\/#organization\",\"name\":\"Zendr\",\"url\":\"https:\\\/\\\/zendr.se\\\/\",\"logo\":{\"@type\":\"ImageObject\",\"inLanguage\":\"nb-NO\",\"@id\":\"https:\\\/\\\/zendr.se\\\/#\\\/schema\\\/logo\\\/image\\\/\",\"url\":\"https:\\\/\\\/zendr.se\\\/wp-content\\\/uploads\\\/2025\\\/04\\\/cropped-cropped-Zendr-logo-2.png\",\"contentUrl\":\"https:\\\/\\\/zendr.se\\\/wp-content\\\/uploads\\\/2025\\\/04\\\/cropped-cropped-Zendr-logo-2.png\",\"width\":512,\"height\":119,\"caption\":\"Zendr\"},\"image\":{\"@id\":\"https:\\\/\\\/zendr.se\\\/#\\\/schema\\\/logo\\\/image\\\/\"}},{\"@type\":\"Person\",\"@id\":\"https:\\\/\\\/zendr.se\\\/#\\\/schema\\\/person\\\/22d6f32ddae5bd61273090aee4559c55\",\"name\":\"Jonas Ehne\",\"image\":{\"@type\":\"ImageObject\",\"inLanguage\":\"nb-NO\",\"@id\":\"https:\\\/\\\/secure.gravatar.com\\\/avatar\\\/e5d8bab805f957ecfa03c7f8ff36ac77c4f280e78403ab5932cd11222e7e1f4d?s=96&d=mm&r=g\",\"url\":\"https:\\\/\\\/secure.gravatar.com\\\/avatar\\\/e5d8bab805f957ecfa03c7f8ff36ac77c4f280e78403ab5932cd11222e7e1f4d?s=96&d=mm&r=g\",\"contentUrl\":\"https:\\\/\\\/secure.gravatar.com\\\/avatar\\\/e5d8bab805f957ecfa03c7f8ff36ac77c4f280e78403ab5932cd11222e7e1f4d?s=96&d=mm&r=g\",\"caption\":\"Jonas Ehne\"},\"url\":\"https:\\\/\\\/zendr.se\\\/no\\\/blogg\\\/author\\\/jonas-ehne\\\/\"}]}<\/script>\n<!-- \/ Yoast SEO plugin. -->","yoast_head_json":{"title":"N\u00e5got stort \u00e4r p\u00e5 g\u00e5ng \u2013 f\u00e5 inblick i Portal 2.0 - Zendr - F\u00f6renkla din f\u00f6retagsfrakt","robots":{"index":"index","follow":"follow","max-snippet":"max-snippet:-1","max-image-preview":"max-image-preview:large","max-video-preview":"max-video-preview:-1"},"canonical":"https:\/\/zendr.se\/no\/blogg\/nagot-stort-ar-pa-gang-fa-inblick-i-portal-2-0\/","og_locale":"nb_NO","og_type":"article","og_title":"N\u00e5got stort \u00e4r p\u00e5 g\u00e5ng \u2013 f\u00e5 inblick i Portal 2.0 - Zendr - F\u00f6renkla din f\u00f6retagsfrakt","og_description":"En av de st\u00f6rsta f\u00f6r\u00e4ndringarna i Zendrs historia n\u00e4rmar sig - Portal 2.0! Ta del av processen och tankarna bakom och ta chansen att vara med och p\u00e5verka.","og_url":"https:\/\/zendr.se\/no\/blogg\/nagot-stort-ar-pa-gang-fa-inblick-i-portal-2-0\/","og_site_name":"Zendr - F\u00f6renkla din f\u00f6retagsfrakt","article_published_time":"2026-04-29T05:00:00+00:00","og_image":[{"width":2000,"height":1000,"url":"https:\/\/zendr.se\/wp-content\/uploads\/2026\/04\/portal_zendr.jpg","type":"image\/jpeg"}],"author":"Jonas Ehne","twitter_card":"summary_large_image","twitter_misc":{"Skrevet av":"Jonas Ehne","Ansl. lesetid":"2 minutter"},"schema":{"@context":"https:\/\/schema.org","@graph":[{"@type":"Article","@id":"https:\/\/zendr.se\/blogg\/nagot-stort-ar-pa-gang-fa-inblick-i-portal-2-0\/#article","isPartOf":{"@id":"https:\/\/zendr.se\/blogg\/nagot-stort-ar-pa-gang-fa-inblick-i-portal-2-0\/"},"author":{"name":"Jonas Ehne","@id":"https:\/\/zendr.se\/#\/schema\/person\/22d6f32ddae5bd61273090aee4559c55"},"headline":"N\u00e5got stort \u00e4r p\u00e5 g\u00e5ng \u2013 f\u00e5 inblick i Portal 2.0","datePublished":"2026-04-29T05:00:00+00:00","mainEntityOfPage":{"@id":"https:\/\/zendr.se\/blogg\/nagot-stort-ar-pa-gang-fa-inblick-i-portal-2-0\/"},"wordCount":360,"publisher":{"@id":"https:\/\/zendr.se\/#organization"},"image":{"@id":"https:\/\/zendr.se\/blogg\/nagot-stort-ar-pa-gang-fa-inblick-i-portal-2-0\/#primaryimage"},"thumbnailUrl":"https:\/\/zendr.se\/wp-content\/uploads\/2026\/04\/portal_zendr.jpg","keywords":["Portal 2.0"],"articleSection":["Uncategorized"],"inLanguage":"nb-NO"},{"@type":"WebPage","@id":"https:\/\/zendr.se\/blogg\/nagot-stort-ar-pa-gang-fa-inblick-i-portal-2-0\/","url":"https:\/\/zendr.se\/blogg\/nagot-stort-ar-pa-gang-fa-inblick-i-portal-2-0\/","name":"N\u00e5got stort \u00e4r p\u00e5 g\u00e5ng \u2013 f\u00e5 inblick i Portal 2.0 - Zendr - F\u00f6renkla din f\u00f6retagsfrakt","isPartOf":{"@id":"https:\/\/zendr.se\/#website"},"primaryImageOfPage":{"@id":"https:\/\/zendr.se\/blogg\/nagot-stort-ar-pa-gang-fa-inblick-i-portal-2-0\/#primaryimage"},"image":{"@id":"https:\/\/zendr.se\/blogg\/nagot-stort-ar-pa-gang-fa-inblick-i-portal-2-0\/#primaryimage"},"thumbnailUrl":"https:\/\/zendr.se\/wp-content\/uploads\/2026\/04\/portal_zendr.jpg","datePublished":"2026-04-29T05:00:00+00:00","breadcrumb":{"@id":"https:\/\/zendr.se\/blogg\/nagot-stort-ar-pa-gang-fa-inblick-i-portal-2-0\/#breadcrumb"},"inLanguage":"nb-NO","potentialAction":[{"@type":"ReadAction","target":["https:\/\/zendr.se\/blogg\/nagot-stort-ar-pa-gang-fa-inblick-i-portal-2-0\/"]}]},{"@type":"ImageObject","inLanguage":"nb-NO","@id":"https:\/\/zendr.se\/blogg\/nagot-stort-ar-pa-gang-fa-inblick-i-portal-2-0\/#primaryimage","url":"https:\/\/zendr.se\/wp-content\/uploads\/2026\/04\/portal_zendr.jpg","contentUrl":"https:\/\/zendr.se\/wp-content\/uploads\/2026\/04\/portal_zendr.jpg","width":2000,"height":1000},{"@type":"BreadcrumbList","@id":"https:\/\/zendr.se\/blogg\/nagot-stort-ar-pa-gang-fa-inblick-i-portal-2-0\/#breadcrumb","itemListElement":[{"@type":"ListItem","position":1,"name":"Home","item":"https:\/\/zendr.se\/"},{"@type":"ListItem","position":2,"name":"N\u00e5got stort \u00e4r p\u00e5 g\u00e5ng \u2013 f\u00e5 inblick i Portal 2.0"}]},{"@type":"WebSite","@id":"https:\/\/zendr.se\/#website","url":"https:\/\/zendr.se\/","name":"zendr.se","description":"Vi forenkler frakt","publisher":{"@id":"https:\/\/zendr.se\/#organization"},"potentialAction":[{"@type":"SearchAction","target":{"@type":"EntryPoint","urlTemplate":"https:\/\/zendr.se\/?s={search_term_string}"},"query-input":{"@type":"PropertyValueSpecification","valueRequired":true,"valueName":"search_term_string"}}],"inLanguage":"nb-NO"},{"@type":"Organization","@id":"https:\/\/zendr.se\/#organization","name":"Zendr","url":"https:\/\/zendr.se\/","logo":{"@type":"ImageObject","inLanguage":"nb-NO","@id":"https:\/\/zendr.se\/#\/schema\/logo\/image\/","url":"https:\/\/zendr.se\/wp-content\/uploads\/2025\/04\/cropped-cropped-Zendr-logo-2.png","contentUrl":"https:\/\/zendr.se\/wp-content\/uploads\/2025\/04\/cropped-cropped-Zendr-logo-2.png","width":512,"height":119,"caption":"Zendr"},"image":{"@id":"https:\/\/zendr.se\/#\/schema\/logo\/image\/"}},{"@type":"Person","@id":"https:\/\/zendr.se\/#\/schema\/person\/22d6f32ddae5bd61273090aee4559c55","name":"Jonas Ehne","image":{"@type":"ImageObject","inLanguage":"nb-NO","@id":"https:\/\/secure.gravatar.com\/avatar\/e5d8bab805f957ecfa03c7f8ff36ac77c4f280e78403ab5932cd11222e7e1f4d?s=96&d=mm&r=g","url":"https:\/\/secure.gravatar.com\/avatar\/e5d8bab805f957ecfa03c7f8ff36ac77c4f280e78403ab5932cd11222e7e1f4d?s=96&d=mm&r=g","contentUrl":"https:\/\/secure.gravatar.com\/avatar\/e5d8bab805f957ecfa03c7f8ff36ac77c4f280e78403ab5932cd11222e7e1f4d?s=96&d=mm&r=g","caption":"Jonas Ehne"},"url":"https:\/\/zendr.se\/no\/blogg\/author\/jonas-ehne\/"}]}},"jetpack_featured_media_url":"https:\/\/zendr.se\/wp-content\/uploads\/2026\/04\/portal_zendr.jpg","_links":{"self":[{"href":"https:\/\/zendr.se\/no\/wp-json\/wp\/v2\/posts\/8811","targetHints":{"allow":["GET"]}}],"collection":[{"href":"https:\/\/zendr.se\/no\/wp-json\/wp\/v2\/posts"}],"about":[{"href":"https:\/\/zendr.se\/no\/wp-json\/wp\/v2\/types\/post"}],"author":[{"embeddable":true,"href":"https:\/\/zendr.se\/no\/wp-json\/wp\/v2\/users\/13"}],"replies":[{"embeddable":true,"href":"https:\/\/zendr.se\/no\/wp-json\/wp\/v2\/comments?post=8811"}],"version-history":[{"count":3,"href":"https:\/\/zendr.se\/no\/wp-json\/wp\/v2\/posts\/8811\/revisions"}],"predecessor-version":[{"id":8826,"href":"https:\/\/zendr.se\/no\/wp-json\/wp\/v2\/posts\/8811\/revisions\/8826"}],"wp:featuredmedia":[{"embeddable":true,"href":"https:\/\/zendr.se\/no\/wp-json\/wp\/v2\/media\/8812"}],"wp:attachment":[{"href":"https:\/\/zendr.se\/no\/wp-json\/wp\/v2\/media?parent=8811"}],"wp:term":[{"taxonomy":"category","embeddable":true,"href":"https:\/\/zendr.se\/no\/wp-json\/wp\/v2\/categories?post=8811"},{"taxonomy":"post_tag","embeddable":true,"href":"https:\/\/zendr.se\/no\/wp-json\/wp\/v2\/tags?post=8811"}],"curies":[{"name":"wp","href":"https:\/\/api.w.org\/{rel}","templated":true}]}}