{"id":8814,"date":"2026-04-27T17:24:39","date_gmt":"2026-04-27T15:24:39","guid":{"rendered":"https:\/\/zendr.se\/?p=8814"},"modified":"2026-04-28T17:24:56","modified_gmt":"2026-04-28T15:24:56","slug":"skickar-du-textiler-eller-skor-till-polen-detta-behover-du-veta-om-sent-regler-i-polen-2026","status":"publish","type":"post","link":"https:\/\/zendr.se\/no\/blogg\/skickar-du-textiler-eller-skor-till-polen-detta-behover-du-veta-om-sent-regler-i-polen-2026\/","title":{"rendered":"Sender du tekstiler eller sko til Polen? Dette m\u00e5 du vite om SENT-regler i Polen 2026"},"content":{"rendered":"<p>Fr\u00e5n och med <strong>17 mars 2026<\/strong> omfattar Polens transport\u00f6vervakningssystem <strong>SENT<\/strong> fler produktgrupper. Den st\u00f6rsta f\u00f6r\u00e4ndringen \u00e4r att \u00e4ven <strong>kl\u00e4der, begagnade textilier och skor<\/strong> kan beh\u00f6va registreras vid transport till, fr\u00e5n eller genom Polen.<\/p>\n\n\n\n<p>F\u00f6r f\u00f6retag inom mode, retail, e-handel, second hand och distribution inneb\u00e4r det att vissa transporter kan kr\u00e4va mer administration \u00e4n tidigare.<\/p>\n\n\n\n<h2 class=\"wp-block-heading\"><strong>Hvilke varer omfattes?<\/strong><\/h2>\n\n\n\n<p>De ut\u00f6kade reglerna g\u00e4ller bland annat:<\/p>\n\n\n\n<ul class=\"wp-block-list\">\n<li><strong>Kl\u00e4der enligt CN-kapitel 61 och 62<\/strong> n\u00e4r bruttovikten \u00f6verstiger 10 kg<\/li>\n\n\n\n<li><strong>Begagnade kl\u00e4der enligt CN 6309 00 00<\/strong> n\u00e4r bruttovikten \u00f6verstiger 10 kg<\/li>\n\n\n\n<li><strong>Skor enligt CN-kapitel 64<\/strong>, med undantag f\u00f6r CN 6406, n\u00e4r f\u00f6rs\u00e4ndelsen inneh\u00e5ller fler \u00e4n 20 artiklar<\/li>\n\n\n\n<li><strong>Blandade f\u00f6rs\u00e4ndelser<\/strong> med minst tv\u00e5 av kategorierna ovan, n\u00e4r bruttovikten \u00f6verstiger 10 kg<\/li>\n<\/ul>\n\n\n\n<p>Det betyder att \u00e4ven relativt sm\u00e5 s\u00e4ndningar kan omfattas, s\u00e4rskilt om de inneh\u00e5ller textil- eller skoprodukter.<\/p>\n\n\n\n<h2 class=\"wp-block-heading\"><strong>Vem ansvarar?<\/strong><\/h2>\n\n\n\n<p>Ansvaret beror p\u00e5 transportfl\u00f6det:<\/p>\n\n\n\n<p><strong>Avs\u00e4ndaren<\/strong> ansvarar vid gods som l\u00e4mnar Polen.<\/p>\n\n\n\n<p><strong>Mottagaren<\/strong> ansvarar vid gods som f\u00f6rs in i Polen.<\/p>\n\n\n\n<p><strong>Transport\u00f6ren<\/strong> ansvarar vid transit genom Polen.<\/p>\n\n\n\n<p>Den ansvariga parten ska registrera och uppdatera transportinformationen i det elektroniska SENT-registret via <strong>PUESC<\/strong>, den polska plattformen f\u00f6r skatt och tull. Transport\u00f6ren beh\u00f6ver \u00e4ven s\u00e4kerst\u00e4lla att fordonet anv\u00e4nder godk\u00e4nd geolokalisering under transporten.<\/p>\n\n\n\n<h2 class=\"wp-block-heading\"><strong>S\u00e5 fungerar SENT-processen<\/strong><\/h2>\n\n\n\n<p>Processen best\u00e5r normalt av fem steg:<\/p>\n\n\n\n<ol class=\"wp-block-list\">\n<li>Deklaration skapas i PUESC.<\/li>\n\n\n\n<li>Ett SENT-referensnummer utf\u00e4rdas och delas med ber\u00f6rda parter.<\/li>\n\n\n\n<li>Transport\u00f6ren kompletterar med transport- och fordonsuppgifter.<\/li>\n\n\n\n<li>Transporten genomf\u00f6rs med GPS-\u00f6vervakning.<\/li>\n\n\n\n<li>Mottagaren bekr\u00e4ftar leverans n\u00e4r godset har kommit fram.<\/li>\n<\/ol>\n\n\n\n<p>Referensnumret \u00e4r giltigt i <strong>10 dagar<\/strong>, vilket g\u00f6r det viktigt att uppgifterna \u00e4r korrekta och att transporten planeras i r\u00e4tt tid.<\/p>\n\n\n\n<h2 class=\"wp-block-heading\"><strong>Vad b\u00f6r f\u00f6retag g\u00f6ra nu?<\/strong><\/h2>\n\n\n\n<p>F\u00f6retag som skickar kl\u00e4der, begagnade textilier eller skor b\u00f6r se \u00f6ver sina rutiner innan transporten bokas. Kontrollera s\u00e4rskilt:<\/p>\n\n\n\n<p><strong>CN-koder<\/strong> \u2013 \u00e4r produkterna r\u00e4tt klassificerade?<\/p>\n\n\n\n<p><strong>Vikt och antal<\/strong> \u2013 passerar f\u00f6rs\u00e4ndelsen tr\u00f6skelv\u00e4rdena?<\/p>\n\n\n\n<p><strong>Transportv\u00e4g<\/strong> \u2013 g\u00e5r godset till, fr\u00e5n eller genom Polen?<\/p>\n\n\n\n<p><strong>Ansvarsf\u00f6rdelning<\/strong> \u2013 vem ska registrera och uppdatera SENT-informationen?<\/p>\n\n\n\n<p><strong>Transport\u00f6rens beredskap<\/strong> \u2013 kan transport\u00f6ren hantera GPS-kraven?<\/p>\n\n\n\n<p>Saknade eller felaktiga uppgifter kan leda till f\u00f6rseningar, kontroller och ekonomiska konsekvenser.<\/p>\n\n\n\n<h2 class=\"wp-block-heading\"><strong>Sammanfattning<\/strong><\/h2>\n\n\n\n<p>De nya SENT-reglerna g\u00f6r att fler f\u00f6retag beh\u00f6ver ha b\u00e4ttre kontroll p\u00e5 sina textil- och skotransporter genom Polen. Genom att s\u00e4kerst\u00e4lla r\u00e4tt produktklassificering, tydliga rutiner och f\u00f6rberedda transport\u00f6rer kan f\u00f6retag minska risken f\u00f6r st\u00f6rningar i leveranskedjan.<\/p>\n\n\n\n<p>F\u00f6r f\u00f6retag som arbetar med internationella fl\u00f6den blir det \u00e4nnu viktigare att ha en transportpartner som kombinerar digital kontroll med praktisk logistikkunskap.<\/p>","protected":false},"excerpt":{"rendered":"<p>F\u00f6r alla er som skickar textiler eller skor till Polen &#8211; det h\u00e4r beh\u00f6ver ni veta om uppdateringarna kring SENT-reglerna<\/p>","protected":false},"author":13,"featured_media":8815,"comment_status":"closed","ping_status":"closed","sticky":false,"template":"","format":"standard","meta":{"_acf_changed":false,"footnotes":""},"categories":[1],"tags":[55],"class_list":["post-8814","post","type-post","status-publish","format-standard","has-post-thumbnail","hentry","category-uncategorized","tag-branschnyheter"],"acf":[],"yoast_head":"<!-- This site is optimized with the Yoast SEO plugin v27.5 - https:\/\/yoast.com\/product\/yoast-seo-wordpress\/ -->\n<title>Skickar du textiler eller skor till Polen? Detta beh\u00f6ver du veta om SENT-regler i Polen 2026 - Zendr - F\u00f6renkla din f\u00f6retagsfrakt<\/title>\n<meta name=\"robots\" content=\"index, follow, max-snippet:-1, max-image-preview:large, max-video-preview:-1\" \/>\n<link rel=\"canonical\" href=\"https:\/\/zendr.se\/no\/blogg\/skickar-du-textiler-eller-skor-till-polen-detta-behover-du-veta-om-sent-regler-i-polen-2026\/\" \/>\n<meta property=\"og:locale\" content=\"nb_NO\" \/>\n<meta property=\"og:type\" content=\"article\" \/>\n<meta property=\"og:title\" content=\"Skickar du textiler eller skor till Polen? Detta beh\u00f6ver du veta om SENT-regler i Polen 2026 - Zendr - F\u00f6renkla din f\u00f6retagsfrakt\" \/>\n<meta property=\"og:description\" content=\"F\u00f6r alla er som skickar textiler eller skor till Polen - det h\u00e4r beh\u00f6ver ni veta om uppdateringarna kring SENT-reglerna\" \/>\n<meta property=\"og:url\" content=\"https:\/\/zendr.se\/no\/blogg\/skickar-du-textiler-eller-skor-till-polen-detta-behover-du-veta-om-sent-regler-i-polen-2026\/\" \/>\n<meta property=\"og:site_name\" content=\"Zendr - F\u00f6renkla din f\u00f6retagsfrakt\" \/>\n<meta property=\"article:published_time\" content=\"2026-04-27T15:24:39+00:00\" \/>\n<meta property=\"article:modified_time\" content=\"2026-04-28T15:24:56+00:00\" \/>\n<meta property=\"og:image\" content=\"https:\/\/zendr.se\/wp-content\/uploads\/2026\/04\/SENT.png\" \/>\n\t<meta property=\"og:image:width\" content=\"1456\" \/>\n\t<meta property=\"og:image:height\" content=\"816\" \/>\n\t<meta property=\"og:image:type\" content=\"image\/png\" \/>\n<meta name=\"author\" content=\"Jonas Ehne\" \/>\n<meta name=\"twitter:card\" content=\"summary_large_image\" \/>\n<meta name=\"twitter:label1\" content=\"Skrevet av\" \/>\n\t<meta name=\"twitter:data1\" content=\"Jonas Ehne\" \/>\n\t<meta name=\"twitter:label2\" content=\"Ansl. lesetid\" \/>\n\t<meta name=\"twitter:data2\" content=\"3 minutter\" \/>\n<script type=\"application\/ld+json\" class=\"yoast-schema-graph\">{\"@context\":\"https:\\\/\\\/schema.org\",\"@graph\":[{\"@type\":\"Article\",\"@id\":\"https:\\\/\\\/zendr.se\\\/blogg\\\/skickar-du-textiler-eller-skor-till-polen-detta-behover-du-veta-om-sent-regler-i-polen-2026\\\/#article\",\"isPartOf\":{\"@id\":\"https:\\\/\\\/zendr.se\\\/blogg\\\/skickar-du-textiler-eller-skor-till-polen-detta-behover-du-veta-om-sent-regler-i-polen-2026\\\/\"},\"author\":{\"name\":\"Jonas Ehne\",\"@id\":\"https:\\\/\\\/zendr.se\\\/#\\\/schema\\\/person\\\/22d6f32ddae5bd61273090aee4559c55\"},\"headline\":\"Skickar du textiler eller skor till Polen? Detta beh\u00f6ver du veta om SENT-regler i Polen 2026\",\"datePublished\":\"2026-04-27T15:24:39+00:00\",\"dateModified\":\"2026-04-28T15:24:56+00:00\",\"mainEntityOfPage\":{\"@id\":\"https:\\\/\\\/zendr.se\\\/blogg\\\/skickar-du-textiler-eller-skor-till-polen-detta-behover-du-veta-om-sent-regler-i-polen-2026\\\/\"},\"wordCount\":464,\"publisher\":{\"@id\":\"https:\\\/\\\/zendr.se\\\/#organization\"},\"image\":{\"@id\":\"https:\\\/\\\/zendr.se\\\/blogg\\\/skickar-du-textiler-eller-skor-till-polen-detta-behover-du-veta-om-sent-regler-i-polen-2026\\\/#primaryimage\"},\"thumbnailUrl\":\"https:\\\/\\\/zendr.se\\\/wp-content\\\/uploads\\\/2026\\\/04\\\/SENT.png\",\"keywords\":[\"Branschnyheter\"],\"articleSection\":[\"Uncategorized\"],\"inLanguage\":\"nb-NO\"},{\"@type\":\"WebPage\",\"@id\":\"https:\\\/\\\/zendr.se\\\/blogg\\\/skickar-du-textiler-eller-skor-till-polen-detta-behover-du-veta-om-sent-regler-i-polen-2026\\\/\",\"url\":\"https:\\\/\\\/zendr.se\\\/blogg\\\/skickar-du-textiler-eller-skor-till-polen-detta-behover-du-veta-om-sent-regler-i-polen-2026\\\/\",\"name\":\"Skickar du textiler eller skor till Polen? Detta beh\u00f6ver du veta om SENT-regler i Polen 2026 - Zendr - F\u00f6renkla din f\u00f6retagsfrakt\",\"isPartOf\":{\"@id\":\"https:\\\/\\\/zendr.se\\\/#website\"},\"primaryImageOfPage\":{\"@id\":\"https:\\\/\\\/zendr.se\\\/blogg\\\/skickar-du-textiler-eller-skor-till-polen-detta-behover-du-veta-om-sent-regler-i-polen-2026\\\/#primaryimage\"},\"image\":{\"@id\":\"https:\\\/\\\/zendr.se\\\/blogg\\\/skickar-du-textiler-eller-skor-till-polen-detta-behover-du-veta-om-sent-regler-i-polen-2026\\\/#primaryimage\"},\"thumbnailUrl\":\"https:\\\/\\\/zendr.se\\\/wp-content\\\/uploads\\\/2026\\\/04\\\/SENT.png\",\"datePublished\":\"2026-04-27T15:24:39+00:00\",\"dateModified\":\"2026-04-28T15:24:56+00:00\",\"breadcrumb\":{\"@id\":\"https:\\\/\\\/zendr.se\\\/blogg\\\/skickar-du-textiler-eller-skor-till-polen-detta-behover-du-veta-om-sent-regler-i-polen-2026\\\/#breadcrumb\"},\"inLanguage\":\"nb-NO\",\"potentialAction\":[{\"@type\":\"ReadAction\",\"target\":[\"https:\\\/\\\/zendr.se\\\/blogg\\\/skickar-du-textiler-eller-skor-till-polen-detta-behover-du-veta-om-sent-regler-i-polen-2026\\\/\"]}]},{\"@type\":\"ImageObject\",\"inLanguage\":\"nb-NO\",\"@id\":\"https:\\\/\\\/zendr.se\\\/blogg\\\/skickar-du-textiler-eller-skor-till-polen-detta-behover-du-veta-om-sent-regler-i-polen-2026\\\/#primaryimage\",\"url\":\"https:\\\/\\\/zendr.se\\\/wp-content\\\/uploads\\\/2026\\\/04\\\/SENT.png\",\"contentUrl\":\"https:\\\/\\\/zendr.se\\\/wp-content\\\/uploads\\\/2026\\\/04\\\/SENT.png\",\"width\":1456,\"height\":816},{\"@type\":\"BreadcrumbList\",\"@id\":\"https:\\\/\\\/zendr.se\\\/blogg\\\/skickar-du-textiler-eller-skor-till-polen-detta-behover-du-veta-om-sent-regler-i-polen-2026\\\/#breadcrumb\",\"itemListElement\":[{\"@type\":\"ListItem\",\"position\":1,\"name\":\"Home\",\"item\":\"https:\\\/\\\/zendr.se\\\/\"},{\"@type\":\"ListItem\",\"position\":2,\"name\":\"Skickar du textiler eller skor till Polen? Detta beh\u00f6ver du veta om SENT-regler i Polen 2026\"}]},{\"@type\":\"WebSite\",\"@id\":\"https:\\\/\\\/zendr.se\\\/#website\",\"url\":\"https:\\\/\\\/zendr.se\\\/\",\"name\":\"zendr.se\",\"description\":\"Vi f\u00f6renklar frakt\",\"publisher\":{\"@id\":\"https:\\\/\\\/zendr.se\\\/#organization\"},\"potentialAction\":[{\"@type\":\"SearchAction\",\"target\":{\"@type\":\"EntryPoint\",\"urlTemplate\":\"https:\\\/\\\/zendr.se\\\/?s={search_term_string}\"},\"query-input\":{\"@type\":\"PropertyValueSpecification\",\"valueRequired\":true,\"valueName\":\"search_term_string\"}}],\"inLanguage\":\"nb-NO\"},{\"@type\":\"Organization\",\"@id\":\"https:\\\/\\\/zendr.se\\\/#organization\",\"name\":\"Zendr\",\"url\":\"https:\\\/\\\/zendr.se\\\/\",\"logo\":{\"@type\":\"ImageObject\",\"inLanguage\":\"nb-NO\",\"@id\":\"https:\\\/\\\/zendr.se\\\/#\\\/schema\\\/logo\\\/image\\\/\",\"url\":\"https:\\\/\\\/zendr.se\\\/wp-content\\\/uploads\\\/2025\\\/04\\\/cropped-cropped-Zendr-logo-2.png\",\"contentUrl\":\"https:\\\/\\\/zendr.se\\\/wp-content\\\/uploads\\\/2025\\\/04\\\/cropped-cropped-Zendr-logo-2.png\",\"width\":512,\"height\":119,\"caption\":\"Zendr\"},\"image\":{\"@id\":\"https:\\\/\\\/zendr.se\\\/#\\\/schema\\\/logo\\\/image\\\/\"}},{\"@type\":\"Person\",\"@id\":\"https:\\\/\\\/zendr.se\\\/#\\\/schema\\\/person\\\/22d6f32ddae5bd61273090aee4559c55\",\"name\":\"Jonas Ehne\",\"image\":{\"@type\":\"ImageObject\",\"inLanguage\":\"nb-NO\",\"@id\":\"https:\\\/\\\/secure.gravatar.com\\\/avatar\\\/e5d8bab805f957ecfa03c7f8ff36ac77c4f280e78403ab5932cd11222e7e1f4d?s=96&d=mm&r=g\",\"url\":\"https:\\\/\\\/secure.gravatar.com\\\/avatar\\\/e5d8bab805f957ecfa03c7f8ff36ac77c4f280e78403ab5932cd11222e7e1f4d?s=96&d=mm&r=g\",\"contentUrl\":\"https:\\\/\\\/secure.gravatar.com\\\/avatar\\\/e5d8bab805f957ecfa03c7f8ff36ac77c4f280e78403ab5932cd11222e7e1f4d?s=96&d=mm&r=g\",\"caption\":\"Jonas Ehne\"},\"url\":\"https:\\\/\\\/zendr.se\\\/no\\\/blogg\\\/author\\\/jonas-ehne\\\/\"}]}<\/script>\n<!-- \/ Yoast SEO plugin. -->","yoast_head_json":{"title":"Skickar du textiler eller skor till Polen? Detta beh\u00f6ver du veta om SENT-regler i Polen 2026 - Zendr - F\u00f6renkla din f\u00f6retagsfrakt","robots":{"index":"index","follow":"follow","max-snippet":"max-snippet:-1","max-image-preview":"max-image-preview:large","max-video-preview":"max-video-preview:-1"},"canonical":"https:\/\/zendr.se\/no\/blogg\/skickar-du-textiler-eller-skor-till-polen-detta-behover-du-veta-om-sent-regler-i-polen-2026\/","og_locale":"nb_NO","og_type":"article","og_title":"Skickar du textiler eller skor till Polen? Detta beh\u00f6ver du veta om SENT-regler i Polen 2026 - Zendr - F\u00f6renkla din f\u00f6retagsfrakt","og_description":"F\u00f6r alla er som skickar textiler eller skor till Polen - det h\u00e4r beh\u00f6ver ni veta om uppdateringarna kring SENT-reglerna","og_url":"https:\/\/zendr.se\/no\/blogg\/skickar-du-textiler-eller-skor-till-polen-detta-behover-du-veta-om-sent-regler-i-polen-2026\/","og_site_name":"Zendr - F\u00f6renkla din f\u00f6retagsfrakt","article_published_time":"2026-04-27T15:24:39+00:00","article_modified_time":"2026-04-28T15:24:56+00:00","og_image":[{"width":1456,"height":816,"url":"https:\/\/zendr.se\/wp-content\/uploads\/2026\/04\/SENT.png","type":"image\/png"}],"author":"Jonas Ehne","twitter_card":"summary_large_image","twitter_misc":{"Skrevet av":"Jonas Ehne","Ansl. lesetid":"3 minutter"},"schema":{"@context":"https:\/\/schema.org","@graph":[{"@type":"Article","@id":"https:\/\/zendr.se\/blogg\/skickar-du-textiler-eller-skor-till-polen-detta-behover-du-veta-om-sent-regler-i-polen-2026\/#article","isPartOf":{"@id":"https:\/\/zendr.se\/blogg\/skickar-du-textiler-eller-skor-till-polen-detta-behover-du-veta-om-sent-regler-i-polen-2026\/"},"author":{"name":"Jonas Ehne","@id":"https:\/\/zendr.se\/#\/schema\/person\/22d6f32ddae5bd61273090aee4559c55"},"headline":"Skickar du textiler eller skor till Polen? Detta beh\u00f6ver du veta om SENT-regler i Polen 2026","datePublished":"2026-04-27T15:24:39+00:00","dateModified":"2026-04-28T15:24:56+00:00","mainEntityOfPage":{"@id":"https:\/\/zendr.se\/blogg\/skickar-du-textiler-eller-skor-till-polen-detta-behover-du-veta-om-sent-regler-i-polen-2026\/"},"wordCount":464,"publisher":{"@id":"https:\/\/zendr.se\/#organization"},"image":{"@id":"https:\/\/zendr.se\/blogg\/skickar-du-textiler-eller-skor-till-polen-detta-behover-du-veta-om-sent-regler-i-polen-2026\/#primaryimage"},"thumbnailUrl":"https:\/\/zendr.se\/wp-content\/uploads\/2026\/04\/SENT.png","keywords":["Branschnyheter"],"articleSection":["Uncategorized"],"inLanguage":"nb-NO"},{"@type":"WebPage","@id":"https:\/\/zendr.se\/blogg\/skickar-du-textiler-eller-skor-till-polen-detta-behover-du-veta-om-sent-regler-i-polen-2026\/","url":"https:\/\/zendr.se\/blogg\/skickar-du-textiler-eller-skor-till-polen-detta-behover-du-veta-om-sent-regler-i-polen-2026\/","name":"Skickar du textiler eller skor till Polen? Detta beh\u00f6ver du veta om SENT-regler i Polen 2026 - Zendr - F\u00f6renkla din f\u00f6retagsfrakt","isPartOf":{"@id":"https:\/\/zendr.se\/#website"},"primaryImageOfPage":{"@id":"https:\/\/zendr.se\/blogg\/skickar-du-textiler-eller-skor-till-polen-detta-behover-du-veta-om-sent-regler-i-polen-2026\/#primaryimage"},"image":{"@id":"https:\/\/zendr.se\/blogg\/skickar-du-textiler-eller-skor-till-polen-detta-behover-du-veta-om-sent-regler-i-polen-2026\/#primaryimage"},"thumbnailUrl":"https:\/\/zendr.se\/wp-content\/uploads\/2026\/04\/SENT.png","datePublished":"2026-04-27T15:24:39+00:00","dateModified":"2026-04-28T15:24:56+00:00","breadcrumb":{"@id":"https:\/\/zendr.se\/blogg\/skickar-du-textiler-eller-skor-till-polen-detta-behover-du-veta-om-sent-regler-i-polen-2026\/#breadcrumb"},"inLanguage":"nb-NO","potentialAction":[{"@type":"ReadAction","target":["https:\/\/zendr.se\/blogg\/skickar-du-textiler-eller-skor-till-polen-detta-behover-du-veta-om-sent-regler-i-polen-2026\/"]}]},{"@type":"ImageObject","inLanguage":"nb-NO","@id":"https:\/\/zendr.se\/blogg\/skickar-du-textiler-eller-skor-till-polen-detta-behover-du-veta-om-sent-regler-i-polen-2026\/#primaryimage","url":"https:\/\/zendr.se\/wp-content\/uploads\/2026\/04\/SENT.png","contentUrl":"https:\/\/zendr.se\/wp-content\/uploads\/2026\/04\/SENT.png","width":1456,"height":816},{"@type":"BreadcrumbList","@id":"https:\/\/zendr.se\/blogg\/skickar-du-textiler-eller-skor-till-polen-detta-behover-du-veta-om-sent-regler-i-polen-2026\/#breadcrumb","itemListElement":[{"@type":"ListItem","position":1,"name":"Home","item":"https:\/\/zendr.se\/"},{"@type":"ListItem","position":2,"name":"Skickar du textiler eller skor till Polen? Detta beh\u00f6ver du veta om SENT-regler i Polen 2026"}]},{"@type":"WebSite","@id":"https:\/\/zendr.se\/#website","url":"https:\/\/zendr.se\/","name":"zendr.se","description":"Vi forenkler frakt","publisher":{"@id":"https:\/\/zendr.se\/#organization"},"potentialAction":[{"@type":"SearchAction","target":{"@type":"EntryPoint","urlTemplate":"https:\/\/zendr.se\/?s={search_term_string}"},"query-input":{"@type":"PropertyValueSpecification","valueRequired":true,"valueName":"search_term_string"}}],"inLanguage":"nb-NO"},{"@type":"Organization","@id":"https:\/\/zendr.se\/#organization","name":"Zendr","url":"https:\/\/zendr.se\/","logo":{"@type":"ImageObject","inLanguage":"nb-NO","@id":"https:\/\/zendr.se\/#\/schema\/logo\/image\/","url":"https:\/\/zendr.se\/wp-content\/uploads\/2025\/04\/cropped-cropped-Zendr-logo-2.png","contentUrl":"https:\/\/zendr.se\/wp-content\/uploads\/2025\/04\/cropped-cropped-Zendr-logo-2.png","width":512,"height":119,"caption":"Zendr"},"image":{"@id":"https:\/\/zendr.se\/#\/schema\/logo\/image\/"}},{"@type":"Person","@id":"https:\/\/zendr.se\/#\/schema\/person\/22d6f32ddae5bd61273090aee4559c55","name":"Jonas Ehne","image":{"@type":"ImageObject","inLanguage":"nb-NO","@id":"https:\/\/secure.gravatar.com\/avatar\/e5d8bab805f957ecfa03c7f8ff36ac77c4f280e78403ab5932cd11222e7e1f4d?s=96&d=mm&r=g","url":"https:\/\/secure.gravatar.com\/avatar\/e5d8bab805f957ecfa03c7f8ff36ac77c4f280e78403ab5932cd11222e7e1f4d?s=96&d=mm&r=g","contentUrl":"https:\/\/secure.gravatar.com\/avatar\/e5d8bab805f957ecfa03c7f8ff36ac77c4f280e78403ab5932cd11222e7e1f4d?s=96&d=mm&r=g","caption":"Jonas Ehne"},"url":"https:\/\/zendr.se\/no\/blogg\/author\/jonas-ehne\/"}]}},"jetpack_featured_media_url":"https:\/\/zendr.se\/wp-content\/uploads\/2026\/04\/SENT.png","_links":{"self":[{"href":"https:\/\/zendr.se\/no\/wp-json\/wp\/v2\/posts\/8814","targetHints":{"allow":["GET"]}}],"collection":[{"href":"https:\/\/zendr.se\/no\/wp-json\/wp\/v2\/posts"}],"about":[{"href":"https:\/\/zendr.se\/no\/wp-json\/wp\/v2\/types\/post"}],"author":[{"embeddable":true,"href":"https:\/\/zendr.se\/no\/wp-json\/wp\/v2\/users\/13"}],"replies":[{"embeddable":true,"href":"https:\/\/zendr.se\/no\/wp-json\/wp\/v2\/comments?post=8814"}],"version-history":[{"count":1,"href":"https:\/\/zendr.se\/no\/wp-json\/wp\/v2\/posts\/8814\/revisions"}],"predecessor-version":[{"id":8816,"href":"https:\/\/zendr.se\/no\/wp-json\/wp\/v2\/posts\/8814\/revisions\/8816"}],"wp:featuredmedia":[{"embeddable":true,"href":"https:\/\/zendr.se\/no\/wp-json\/wp\/v2\/media\/8815"}],"wp:attachment":[{"href":"https:\/\/zendr.se\/no\/wp-json\/wp\/v2\/media?parent=8814"}],"wp:term":[{"taxonomy":"category","embeddable":true,"href":"https:\/\/zendr.se\/no\/wp-json\/wp\/v2\/categories?post=8814"},{"taxonomy":"post_tag","embeddable":true,"href":"https:\/\/zendr.se\/no\/wp-json\/wp\/v2\/tags?post=8814"}],"curies":[{"name":"wp","href":"https:\/\/api.w.org\/{rel}","templated":true}]}}