{"id":8946,"date":"2026-09-03T09:45:06","date_gmt":"2026-09-03T07:45:06","guid":{"rendered":"https:\/\/zendr.se\/?p=8946"},"modified":"2026-09-03T10:30:48","modified_gmt":"2026-09-03T08:30:48","slug":"smygtitta-pa-nya-portalen-nu-visar-vi-hur-den-ser-ut","status":"publish","type":"post","link":"https:\/\/zendr.se\/no\/blogg\/smygtitta-pa-nya-portalen-nu-visar-vi-hur-den-ser-ut\/","title":{"rendered":"Tjuvtitt p\u00e5 den nye portalen: n\u00e5 viser vi hvordan den ser ut"},"content":{"rendered":"<div data-elementor-type=\"wp-post\" data-elementor-id=\"8946\" class=\"elementor elementor-8946\" data-elementor-post-type=\"post\">\n\t\t\t\t<div class=\"elementor-element elementor-element-25d88da3 e-flex e-con-boxed e-con e-parent\" data-id=\"25d88da3\" data-element_type=\"container\" data-e-type=\"container\">\n\t\t\t\t\t<div class=\"e-con-inner\">\n\t\t\t\t<div class=\"elementor-element elementor-element-2b8cea79 elementor-widget elementor-widget-text-editor\" data-id=\"2b8cea79\" data-element_type=\"widget\" data-e-type=\"widget\" data-widget_type=\"text-editor.default\">\n\t\t\t\t<div class=\"elementor-widget-container\">\n\t\t\t\t\t\t\t\t\t\n<p><strong>Vi har fortalt tidligere om at vi bygger om Zendr fra grunn av. N\u00e5 tar vi neste steg og viser de f\u00f8rste skjermbildene, p\u00e5 vei mot den formelle lanseringen p\u00e5 slutten av \u00e5ret.<\/strong><\/p>\n\n<p>I v\u00e5r fortalte vi at <a href=\"https:\/\/zendr.se\/no\/blogg\/nagot-stort-ar-pa-gang-fa-inblick-i-portal-2-0\/\">noe stort var p\u00e5 gang<\/a> og at <a href=\"https:\/\/zendr.se\/no\/blogg\/nya-portalen-tar-form-den-stora-resan-borjar-vid-lansering\/\">den nye portalen begynner \u00e5 ta form<\/a>. Deng\u00e5 handlet mye om arbeidet under overflaten, slik som er vanskelig \u00e5 vise p\u00e5 et bilde. N\u00e5 har vi kommet s\u00e5 langt at vi kan by p\u00e5 en ekte sniktitt.<\/p>\n\n<p>Alt er ikke klart, og en del kommer til \u00e5 endre seg f\u00f8r vi \u00e5pner d\u00f8rene. Men vi vil gjerne vise hvor vi er p\u00e5 vei, og fortsette \u00e5 lytte til hva du mener.<\/p>\n\n<h2 class=\"wp-block-heading\" style=\"margin-top: 56px;\">Hvorfor vi bygger nytt<\/h2>\n\n<p>Zendr har vokst raskt p\u00e5 en plattform som har b\u00e5ret oss lenger enn vi hadde v\u00e5get \u00e5 h\u00e5pe p\u00e5. For \u00e5 kunne ta det neste steget trenger vi et mer stabilt og fleksibelt fundament.<\/p>\n\n<blockquote class=\"wp-block-quote is-layout-flow wp-block-quote-is-layout-flow\">\n<p>Vi bygger ikke bare noe som er bedre i nuet, men et fundament \u00e5 st\u00e5 p\u00e5. Vi gj\u00f8r om r\u00f8rene og hele fundamentet, slik at vi kan bygge videre p\u00e5 det vi har dr\u00f8mt om.<\/p>\n<cite>Denis Golubovic, CTO i Zendr<\/cite><\/blockquote>\n\n<div class=\"wp-block-media-text alignwide is-stacked-on-mobile has-background\" style=\"border-radius: 20px; background-color: #f5f6f8; padding: 44px; margin-top: 44px; margin-bottom: 44px; grid-template-columns: 52% auto;\">\n<figure class=\"wp-block-media-text__media\"><img fetchpriority=\"high\" decoding=\"async\" width=\"1288\" height=\"828\" class=\"wp-image-8957 size-full\" src=\"https:\/\/zendr.se\/wp-content\/uploads\/2026\/08\/01_portal-bokning.png\" alt=\"Zendrs nya bokningsformul\u00e4r d\u00e4r avs\u00e4ndar- och mottagaradress fylls i sida vid sida.\" srcset=\"https:\/\/zendr.se\/wp-content\/uploads\/2026\/08\/01_portal-bokning.png 1288w, https:\/\/zendr.se\/wp-content\/uploads\/2026\/08\/01_portal-bokning-300x193.png 300w, https:\/\/zendr.se\/wp-content\/uploads\/2026\/08\/01_portal-bokning-1024x658.png 1024w, https:\/\/zendr.se\/wp-content\/uploads\/2026\/08\/01_portal-bokning-768x494.png 768w, https:\/\/zendr.se\/wp-content\/uploads\/2026\/08\/01_portal-bokning-18x12.png 18w\" sizes=\"(max-width: 1288px) 100vw, 1288px\" \/><\/figure>\n<div class=\"wp-block-media-text__content\">\n<h2 class=\"wp-block-heading\">En smidigere bookingflyt<\/h2>\n\n<p>Det f\u00f8rste du kommer til \u00e5 legge merke til, er selve bestillingen. Vi har gjort om flyten slik at det g\u00e5r raskere \u00e5 komme fra \u201djeg skal sende dette\u201d til en bestilt forsendelse. Ekstra kraft har vi lagt p\u00e5 de vriene trinnene, som tollbehandling.<\/p>\n\n<blockquote class=\"wp-block-quote is-layout-flow wp-block-quote-is-layout-flow\">\n<p>Vi vil guide deg gjennom de vanskelige momentene, som tollmyndighetenes h\u00e5ndtering, slik at du slipper feildeklareringer og uventede ekstrakostnader.<\/p>\n<cite>Fredrik Rosenqvist, Head of Product i Zendr<\/cite><\/blockquote>\n<\/div>\n<\/div>\n\n<div class=\"wp-block-media-text alignwide has-media-on-the-right is-stacked-on-mobile has-background\" style=\"border-radius: 20px; background-color: #fcecea; padding: 44px; margin-top: 44px; margin-bottom: 44px; grid-template-columns: auto 52%;\">\n<figure class=\"wp-block-media-text__media\"><img decoding=\"async\" width=\"1288\" height=\"754\" class=\"wp-image-8958 size-full\" src=\"https:\/\/zendr.se\/wp-content\/uploads\/2026\/08\/02_portal-forsandelser.png\" alt=\"\u00d6versikt \u00f6ver alla f\u00f6rs\u00e4ndelser i nya portalen, med olika transport\u00f6rer och status i samma lista.\" srcset=\"https:\/\/zendr.se\/wp-content\/uploads\/2026\/08\/02_portal-forsandelser.png 1288w, https:\/\/zendr.se\/wp-content\/uploads\/2026\/08\/02_portal-forsandelser-300x176.png 300w, https:\/\/zendr.se\/wp-content\/uploads\/2026\/08\/02_portal-forsandelser-1024x599.png 1024w, https:\/\/zendr.se\/wp-content\/uploads\/2026\/08\/02_portal-forsandelser-768x450.png 768w, https:\/\/zendr.se\/wp-content\/uploads\/2026\/08\/02_portal-forsandelser-18x12.png 18w\" sizes=\"(max-width: 1288px) 100vw, 1288px\" \/><\/figure>\n<div class=\"wp-block-media-text__content\">\n<h2 class=\"wp-block-heading\">All din frakt p\u00e5 ett sted<\/h2>\n\n<p>I den nye portalen samles alle forsendelsene dine i \u00e9n og samme visning, uavhengig av transport\u00f8r. Du ser status, sporingsnummer, avsender, mottaker og pris i samme liste, og f\u00e5r bedre oversikt. Takket v\u00e6re filtrerings- og sorteringsfunksjoner er det enkelt \u00e5 finne spesifikke ordrer.<\/p>\n<\/div>\n<\/div>\n\n<div class=\"wp-block-media-text alignwide is-stacked-on-mobile has-background\" style=\"border-radius: 20px; background-color: #f5f6f8; padding: 44px; margin-top: 44px; margin-bottom: 44px; grid-template-columns: 52% auto;\">\n<figure class=\"wp-block-media-text__media\"><img decoding=\"async\" width=\"1288\" height=\"941\" class=\"wp-image-8959 size-full\" src=\"https:\/\/zendr.se\/wp-content\/uploads\/2026\/08\/03_portal-integrationer.png\" alt=\"Integrationssidan i nya portalen f\u00f6r att koppla aff\u00e4rssystem och webbutiker.\" srcset=\"https:\/\/zendr.se\/wp-content\/uploads\/2026\/08\/03_portal-integrationer.png 1288w, https:\/\/zendr.se\/wp-content\/uploads\/2026\/08\/03_portal-integrationer-300x219.png 300w, https:\/\/zendr.se\/wp-content\/uploads\/2026\/08\/03_portal-integrationer-1024x748.png 1024w, https:\/\/zendr.se\/wp-content\/uploads\/2026\/08\/03_portal-integrationer-768x561.png 768w, https:\/\/zendr.se\/wp-content\/uploads\/2026\/08\/03_portal-integrationer-16x12.png 16w\" sizes=\"(max-width: 1288px) 100vw, 1288px\" \/><\/figure>\n<div class=\"wp-block-media-text__content\">\n<h2 class=\"wp-block-heading\">Koble til egne systemer<\/h2>\n\n<p>Mange av dere lever allerede i forretningssystemet eller p\u00e5 lageret. Derfor bygger vi den nye portalen for \u00e5 jobbe tett sammen med de systemene du allerede bruker.<\/p>\n\n<blockquote class=\"wp-block-quote is-layout-flow wp-block-quote-is-layout-flow\">\n<p>M\u00e5let er at du skal kunne bli v\u00e6rende i dine egne systemer. Du skal kunne hente priser, velge transport\u00f8r og bestille frakt direkte derfra.<\/p>\n<cite>Fredrik Rosenqvist, Head of Product i Zendr<\/cite><\/blockquote>\n<\/div>\n<\/div>\n\n<h2 class=\"wp-block-heading\" style=\"margin-top: 56px;\">Tydeligere fakturaer og innsikt i frakten din<\/h2>\n\n<p>Frakt skal ikke v\u00e6re en g\u00e5te n\u00e5r fakturaen kommer. I den nye portalen f\u00e5r du en tydeligere oppdeling av hvorfor en pris av og til skiljer seg fra det opprinnelige tilbudet, og du kan enkelt s\u00f8ke blant tidligere leveranser.<\/p>\n\n<p>Vi legger ogs\u00e5 grunnlaget for noe vi er ekstra stolte over: innsikt i dine egne fraktm\u00f8nstre, med konkrete forslag til hvordan du kan spare, for eksempel gjennom valg av transport\u00f8r eller m\u00e5te \u00e5 deklarere p\u00e5.<\/p>\n\n<h2 class=\"wp-block-heading\" style=\"margin-top: 56px;\">Mer kontroll i dine egne hender<\/h2>\n\n<p>Du skal kunne invitere kollegene dine og styre rettigheter selv, uten \u00e5 m\u00e5tte ta kontakt med oss for hver eneste lille endring.<\/p>\n\n<div class=\"wp-block-media-text alignwide has-media-on-the-right is-stacked-on-mobile has-background\" style=\"border-radius: 20px; background-color: #fcecea; padding: 44px; margin-top: 44px; margin-bottom: 44px; grid-template-columns: auto 52%;\">\n<figure class=\"wp-block-media-text__media\"><img loading=\"lazy\" decoding=\"async\" width=\"1288\" height=\"1013\" class=\"wp-image-8960 size-full\" src=\"https:\/\/zendr.se\/wp-content\/uploads\/2026\/08\/04_portal-support.png\" alt=\"Supportvyn i nya portalen d\u00e4r varje \u00e4rende \u00e4r kopplat till r\u00e4tt f\u00f6rs\u00e4ndelse.\" srcset=\"https:\/\/zendr.se\/wp-content\/uploads\/2026\/08\/04_portal-support.png 1288w, https:\/\/zendr.se\/wp-content\/uploads\/2026\/08\/04_portal-support-300x236.png 300w, https:\/\/zendr.se\/wp-content\/uploads\/2026\/08\/04_portal-support-1024x805.png 1024w, https:\/\/zendr.se\/wp-content\/uploads\/2026\/08\/04_portal-support-768x604.png 768w, https:\/\/zendr.se\/wp-content\/uploads\/2026\/08\/04_portal-support-15x12.png 15w\" sizes=\"(max-width: 1288px) 100vw, 1288px\" \/><\/figure>\n<div class=\"wp-block-media-text__content\">\n<h2 class=\"wp-block-heading\">Og n\u00e5r noe krangler, er vi her fremdeles<\/h2>\n\n<p>Digitalt betyr ikke at menneskene forsvinner. Tvert imot. Hver sak du oppretter, blir koblet sammen med riktig forsendelse, slik at du slipper \u00e5 forklare fra begynnelsen.<\/p>\n\n<blockquote class=\"wp-block-quote is-layout-flow wp-block-quote-is-layout-flow\">\n<p>M\u00e5let er at plattformen gj\u00f8r s\u00e5 mye rett at du h\u00f8rer fra deg f\u00f8rst n\u00e5r noe virkelig er i tr\u00f8bbel. Da kan kundeservicen v\u00e5r v\u00e6re ekspertene.<\/p>\n<cite>Denis Golubovic, CTO i Zendr<\/cite><\/blockquote>\n<\/div>\n<\/div>\n\n<h2 class=\"wp-block-heading\" style=\"margin-top: 56px;\">Dette endrer seg ikke<\/h2>\n\n<p>Grunnl\u00f8ftet st\u00e5r ved makt. Zendr er fortsatt gratis \u00e5 bruke, du betaler per forsendelse, prisene du ser inkluderer tillegg, og det er ekte mennesker som svarer n\u00e5r du tar kontakt.<\/p>\n\n<h2 class=\"wp-block-heading\" style=\"margin-top: 56px;\">S\u00e5 g\u00e5r overgangen til<\/h2>\n\n<p>Du trenger ikke \u00e5 bekymre deg for en br\u00e5 omstilling. Den n\u00e5v\u00e6rende portalen vil leve videre parallelt, og vi flytter over kunder trinnvis. En del av det nye arbeider faktisk allerede i bakgrunnen i dag.<\/p>\n\n<p>Den f\u00f8rste versjonen handler om \u00e5 gj\u00f8re alt du allerede kan gj\u00f8re, bare smidigere og mer gjennomtenkt, i stedet for \u00e5 fylle p\u00e5 med masse nytt p\u00e5 en gang.<\/p>\n\n<blockquote class=\"wp-block-quote is-layout-flow wp-block-quote-is-layout-flow\">\n<p>Det viktigste i det f\u00f8rste steget er en mer gjennomtenkt flyt med tydeligere varsler, ikke revolusjonerende funksjoner.<\/p>\n<cite>Fredrik Rosenqvist, Head of Product i Zendr<\/cite><\/blockquote>\n\n<h2 class=\"wp-block-heading\" style=\"margin-top: 56px;\">Vil du bli med p\u00e5 reisen hele veien til lansering?<\/h2>\n\n<p>Vi \u00e5pner den nye portalen i sin f\u00f8rste versjon p\u00e5 slutten av \u00e5ret, og frem til da deler vi flere sniktitter og litt bak kulissene.<\/p>\n\t\t\t\t\t\t\t\t<\/div>\n\t\t\t\t<\/div>\n\t\t\t\t\t<\/div>\n\t\t\t\t<\/div>\n\t\t\t\t<\/div>","protected":false},"excerpt":{"rendered":"<p>Smygtitta p\u00e5 Zendrs nya portal &#8211; den nya, smarta ryggraden som f\u00f6renklar logistikarbetet. <\/p>","protected":false},"author":13,"featured_media":8968,"comment_status":"closed","ping_status":"closed","sticky":false,"template":"","format":"standard","meta":{"_acf_changed":false,"footnotes":""},"categories":[23],"tags":[64],"class_list":["post-8946","post","type-post","status-publish","format-standard","has-post-thumbnail","hentry","category-blogg","tag-nya-portalen"],"acf":[],"yoast_head":"<!-- This site is optimized with the Yoast SEO Premium plugin v27.6 (Yoast SEO v28.4) - https:\/\/yoast.com\/product\/yoast-seo-premium-wordpress\/ -->\n<title>Smygtitta p\u00e5 nya portalen: nu visar vi hur den ser ut - Zendr - F\u00f6renkla din f\u00f6retagsfrakt<\/title>\n<meta name=\"robots\" content=\"index, follow, max-snippet:-1, max-image-preview:large, max-video-preview:-1\" \/>\n<link rel=\"canonical\" href=\"https:\/\/zendr.se\/no\/blogg\/smygtitta-pa-nya-portalen-nu-visar-vi-hur-den-ser-ut\/\" \/>\n<meta property=\"og:locale\" content=\"nb_NO\" \/>\n<meta property=\"og:type\" content=\"article\" \/>\n<meta property=\"og:title\" content=\"Smygtitta p\u00e5 nya portalen: nu visar vi hur den ser ut\" \/>\n<meta property=\"og:description\" content=\"Smygtitta p\u00e5 Zendrs nya portal - den nya, smarta ryggraden som f\u00f6renklar logistikarbetet.\" \/>\n<meta property=\"og:url\" content=\"https:\/\/zendr.se\/no\/blogg\/smygtitta-pa-nya-portalen-nu-visar-vi-hur-den-ser-ut\/\" \/>\n<meta property=\"og:site_name\" content=\"Zendr - F\u00f6renkla din f\u00f6retagsfrakt\" \/>\n<meta property=\"article:published_time\" content=\"2026-09-03T07:45:06+00:00\" \/>\n<meta property=\"article:modified_time\" content=\"2026-09-03T08:30:48+00:00\" \/>\n<meta property=\"og:image\" content=\"https:\/\/zendr.se\/wp-content\/uploads\/2026\/08\/hero_smygtitt-nya-portalen-1024x576.png\" \/>\n\t<meta property=\"og:image:width\" content=\"1024\" \/>\n\t<meta property=\"og:image:height\" content=\"576\" \/>\n\t<meta property=\"og:image:type\" content=\"image\/png\" \/>\n<meta name=\"author\" content=\"Jonas Ehne\" \/>\n<meta name=\"twitter:card\" content=\"summary_large_image\" \/>\n<meta name=\"twitter:label1\" content=\"Skrevet av\" \/>\n\t<meta name=\"twitter:data1\" content=\"Jonas Ehne\" \/>\n\t<meta name=\"twitter:label2\" content=\"Ansl. lesetid\" \/>\n\t<meta name=\"twitter:data2\" content=\"4 minutter\" \/>\n<script type=\"application\/ld+json\" class=\"yoast-schema-graph\">{\"@context\":\"https:\\\/\\\/schema.org\",\"@graph\":[{\"@type\":\"Article\",\"@id\":\"https:\\\/\\\/zendr.se\\\/blogg\\\/smygtitta-pa-nya-portalen-nu-visar-vi-hur-den-ser-ut\\\/#article\",\"isPartOf\":{\"@id\":\"https:\\\/\\\/zendr.se\\\/blogg\\\/smygtitta-pa-nya-portalen-nu-visar-vi-hur-den-ser-ut\\\/\"},\"author\":{\"name\":\"Jonas Ehne\",\"@id\":\"https:\\\/\\\/zendr.se\\\/#\\\/schema\\\/person\\\/22d6f32ddae5bd61273090aee4559c55\"},\"headline\":\"Smygtitta p\u00e5 nya portalen: nu visar vi hur den ser ut\",\"datePublished\":\"2026-09-03T07:45:06+00:00\",\"dateModified\":\"2026-09-03T08:30:48+00:00\",\"mainEntityOfPage\":{\"@id\":\"https:\\\/\\\/zendr.se\\\/blogg\\\/smygtitta-pa-nya-portalen-nu-visar-vi-hur-den-ser-ut\\\/\"},\"wordCount\":834,\"publisher\":{\"@id\":\"https:\\\/\\\/zendr.se\\\/#organization\"},\"image\":{\"@id\":\"https:\\\/\\\/zendr.se\\\/blogg\\\/smygtitta-pa-nya-portalen-nu-visar-vi-hur-den-ser-ut\\\/#primaryimage\"},\"thumbnailUrl\":\"https:\\\/\\\/zendr.se\\\/wp-content\\\/uploads\\\/2026\\\/08\\\/hero_smygtitt-nya-portalen.png\",\"keywords\":[\"Nya portalen\"],\"articleSection\":[\"Blogg\"],\"inLanguage\":\"nb-NO\"},{\"@type\":\"WebPage\",\"@id\":\"https:\\\/\\\/zendr.se\\\/blogg\\\/smygtitta-pa-nya-portalen-nu-visar-vi-hur-den-ser-ut\\\/\",\"url\":\"https:\\\/\\\/zendr.se\\\/blogg\\\/smygtitta-pa-nya-portalen-nu-visar-vi-hur-den-ser-ut\\\/\",\"name\":\"Smygtitta p\u00e5 nya portalen: nu visar vi hur den ser ut - Zendr - F\u00f6renkla din f\u00f6retagsfrakt\",\"isPartOf\":{\"@id\":\"https:\\\/\\\/zendr.se\\\/#website\"},\"primaryImageOfPage\":{\"@id\":\"https:\\\/\\\/zendr.se\\\/blogg\\\/smygtitta-pa-nya-portalen-nu-visar-vi-hur-den-ser-ut\\\/#primaryimage\"},\"image\":{\"@id\":\"https:\\\/\\\/zendr.se\\\/blogg\\\/smygtitta-pa-nya-portalen-nu-visar-vi-hur-den-ser-ut\\\/#primaryimage\"},\"thumbnailUrl\":\"https:\\\/\\\/zendr.se\\\/wp-content\\\/uploads\\\/2026\\\/08\\\/hero_smygtitt-nya-portalen.png\",\"datePublished\":\"2026-09-03T07:45:06+00:00\",\"dateModified\":\"2026-09-03T08:30:48+00:00\",\"breadcrumb\":{\"@id\":\"https:\\\/\\\/zendr.se\\\/blogg\\\/smygtitta-pa-nya-portalen-nu-visar-vi-hur-den-ser-ut\\\/#breadcrumb\"},\"inLanguage\":\"nb-NO\",\"potentialAction\":[{\"@type\":\"ReadAction\",\"target\":[\"https:\\\/\\\/zendr.se\\\/blogg\\\/smygtitta-pa-nya-portalen-nu-visar-vi-hur-den-ser-ut\\\/\"]}]},{\"@type\":\"ImageObject\",\"inLanguage\":\"nb-NO\",\"@id\":\"https:\\\/\\\/zendr.se\\\/blogg\\\/smygtitta-pa-nya-portalen-nu-visar-vi-hur-den-ser-ut\\\/#primaryimage\",\"url\":\"https:\\\/\\\/zendr.se\\\/wp-content\\\/uploads\\\/2026\\\/08\\\/hero_smygtitt-nya-portalen.png\",\"contentUrl\":\"https:\\\/\\\/zendr.se\\\/wp-content\\\/uploads\\\/2026\\\/08\\\/hero_smygtitt-nya-portalen.png\",\"width\":2560,\"height\":1440,\"caption\":\"En hand lyfter ett skynke och avsl\u00f6jar Zendrs nya fraktportal p\u00e5 sk\u00e4rmen \u2013 en smygtitt inf\u00f6r lanseringen.\"},{\"@type\":\"BreadcrumbList\",\"@id\":\"https:\\\/\\\/zendr.se\\\/blogg\\\/smygtitta-pa-nya-portalen-nu-visar-vi-hur-den-ser-ut\\\/#breadcrumb\",\"itemListElement\":[{\"@type\":\"ListItem\",\"position\":1,\"name\":\"Home\",\"item\":\"https:\\\/\\\/zendr.se\\\/\"},{\"@type\":\"ListItem\",\"position\":2,\"name\":\"Smygtitta p\u00e5 nya portalen: nu visar vi hur den ser ut\"}]},{\"@type\":\"WebSite\",\"@id\":\"https:\\\/\\\/zendr.se\\\/#website\",\"url\":\"https:\\\/\\\/zendr.se\\\/\",\"name\":\"zendr.se\",\"description\":\"Vi f\u00f6renklar frakt\",\"publisher\":{\"@id\":\"https:\\\/\\\/zendr.se\\\/#organization\"},\"potentialAction\":[{\"@type\":\"SearchAction\",\"target\":{\"@type\":\"EntryPoint\",\"urlTemplate\":\"https:\\\/\\\/zendr.se\\\/?s={search_term_string}\"},\"query-input\":{\"@type\":\"PropertyValueSpecification\",\"valueRequired\":true,\"valueName\":\"search_term_string\"}}],\"inLanguage\":\"nb-NO\"},{\"@type\":\"Organization\",\"@id\":\"https:\\\/\\\/zendr.se\\\/#organization\",\"name\":\"Zendr\",\"url\":\"https:\\\/\\\/zendr.se\\\/\",\"logo\":{\"@type\":\"ImageObject\",\"inLanguage\":\"nb-NO\",\"@id\":\"https:\\\/\\\/zendr.se\\\/#\\\/schema\\\/logo\\\/image\\\/\",\"url\":\"https:\\\/\\\/zendr.se\\\/wp-content\\\/uploads\\\/2025\\\/04\\\/cropped-cropped-Zendr-logo-2.png\",\"contentUrl\":\"https:\\\/\\\/zendr.se\\\/wp-content\\\/uploads\\\/2025\\\/04\\\/cropped-cropped-Zendr-logo-2.png\",\"width\":512,\"height\":119,\"caption\":\"Zendr\"},\"image\":{\"@id\":\"https:\\\/\\\/zendr.se\\\/#\\\/schema\\\/logo\\\/image\\\/\"}},{\"@type\":\"Person\",\"@id\":\"https:\\\/\\\/zendr.se\\\/#\\\/schema\\\/person\\\/22d6f32ddae5bd61273090aee4559c55\",\"name\":\"Jonas Ehne\",\"image\":{\"@type\":\"ImageObject\",\"inLanguage\":\"nb-NO\",\"@id\":\"https:\\\/\\\/secure.gravatar.com\\\/avatar\\\/e5d8bab805f957ecfa03c7f8ff36ac77c4f280e78403ab5932cd11222e7e1f4d?s=96&d=mm&r=g\",\"url\":\"https:\\\/\\\/secure.gravatar.com\\\/avatar\\\/e5d8bab805f957ecfa03c7f8ff36ac77c4f280e78403ab5932cd11222e7e1f4d?s=96&d=mm&r=g\",\"contentUrl\":\"https:\\\/\\\/secure.gravatar.com\\\/avatar\\\/e5d8bab805f957ecfa03c7f8ff36ac77c4f280e78403ab5932cd11222e7e1f4d?s=96&d=mm&r=g\",\"caption\":\"Jonas Ehne\"},\"url\":\"https:\\\/\\\/zendr.se\\\/no\\\/blogg\\\/author\\\/jonas-ehne\\\/\"}]}<\/script>\n<!-- \/ Yoast SEO Premium plugin. -->","yoast_head_json":{"title":"Smygtitta p\u00e5 nya portalen: nu visar vi hur den ser ut - Zendr - F\u00f6renkla din f\u00f6retagsfrakt","robots":{"index":"index","follow":"follow","max-snippet":"max-snippet:-1","max-image-preview":"max-image-preview:large","max-video-preview":"max-video-preview:-1"},"canonical":"https:\/\/zendr.se\/no\/blogg\/smygtitta-pa-nya-portalen-nu-visar-vi-hur-den-ser-ut\/","og_locale":"nb_NO","og_type":"article","og_title":"Smygtitta p\u00e5 nya portalen: nu visar vi hur den ser ut","og_description":"Smygtitta p\u00e5 Zendrs nya portal - den nya, smarta ryggraden som f\u00f6renklar logistikarbetet.","og_url":"https:\/\/zendr.se\/no\/blogg\/smygtitta-pa-nya-portalen-nu-visar-vi-hur-den-ser-ut\/","og_site_name":"Zendr - F\u00f6renkla din f\u00f6retagsfrakt","article_published_time":"2026-09-03T07:45:06+00:00","article_modified_time":"2026-09-03T08:30:48+00:00","og_image":[{"width":1024,"height":576,"url":"https:\/\/zendr.se\/wp-content\/uploads\/2026\/08\/hero_smygtitt-nya-portalen-1024x576.png","type":"image\/png"}],"author":"Jonas Ehne","twitter_card":"summary_large_image","twitter_misc":{"Skrevet av":"Jonas Ehne","Ansl. lesetid":"4 minutter"},"schema":{"@context":"https:\/\/schema.org","@graph":[{"@type":"Article","@id":"https:\/\/zendr.se\/blogg\/smygtitta-pa-nya-portalen-nu-visar-vi-hur-den-ser-ut\/#article","isPartOf":{"@id":"https:\/\/zendr.se\/blogg\/smygtitta-pa-nya-portalen-nu-visar-vi-hur-den-ser-ut\/"},"author":{"name":"Jonas Ehne","@id":"https:\/\/zendr.se\/#\/schema\/person\/22d6f32ddae5bd61273090aee4559c55"},"headline":"Smygtitta p\u00e5 nya portalen: nu visar vi hur den ser ut","datePublished":"2026-09-03T07:45:06+00:00","dateModified":"2026-09-03T08:30:48+00:00","mainEntityOfPage":{"@id":"https:\/\/zendr.se\/blogg\/smygtitta-pa-nya-portalen-nu-visar-vi-hur-den-ser-ut\/"},"wordCount":834,"publisher":{"@id":"https:\/\/zendr.se\/#organization"},"image":{"@id":"https:\/\/zendr.se\/blogg\/smygtitta-pa-nya-portalen-nu-visar-vi-hur-den-ser-ut\/#primaryimage"},"thumbnailUrl":"https:\/\/zendr.se\/wp-content\/uploads\/2026\/08\/hero_smygtitt-nya-portalen.png","keywords":["Nya portalen"],"articleSection":["Blogg"],"inLanguage":"nb-NO"},{"@type":"WebPage","@id":"https:\/\/zendr.se\/blogg\/smygtitta-pa-nya-portalen-nu-visar-vi-hur-den-ser-ut\/","url":"https:\/\/zendr.se\/blogg\/smygtitta-pa-nya-portalen-nu-visar-vi-hur-den-ser-ut\/","name":"Smygtitta p\u00e5 nya portalen: nu visar vi hur den ser ut - Zendr - F\u00f6renkla din f\u00f6retagsfrakt","isPartOf":{"@id":"https:\/\/zendr.se\/#website"},"primaryImageOfPage":{"@id":"https:\/\/zendr.se\/blogg\/smygtitta-pa-nya-portalen-nu-visar-vi-hur-den-ser-ut\/#primaryimage"},"image":{"@id":"https:\/\/zendr.se\/blogg\/smygtitta-pa-nya-portalen-nu-visar-vi-hur-den-ser-ut\/#primaryimage"},"thumbnailUrl":"https:\/\/zendr.se\/wp-content\/uploads\/2026\/08\/hero_smygtitt-nya-portalen.png","datePublished":"2026-09-03T07:45:06+00:00","dateModified":"2026-09-03T08:30:48+00:00","breadcrumb":{"@id":"https:\/\/zendr.se\/blogg\/smygtitta-pa-nya-portalen-nu-visar-vi-hur-den-ser-ut\/#breadcrumb"},"inLanguage":"nb-NO","potentialAction":[{"@type":"ReadAction","target":["https:\/\/zendr.se\/blogg\/smygtitta-pa-nya-portalen-nu-visar-vi-hur-den-ser-ut\/"]}]},{"@type":"ImageObject","inLanguage":"nb-NO","@id":"https:\/\/zendr.se\/blogg\/smygtitta-pa-nya-portalen-nu-visar-vi-hur-den-ser-ut\/#primaryimage","url":"https:\/\/zendr.se\/wp-content\/uploads\/2026\/08\/hero_smygtitt-nya-portalen.png","contentUrl":"https:\/\/zendr.se\/wp-content\/uploads\/2026\/08\/hero_smygtitt-nya-portalen.png","width":2560,"height":1440,"caption":"En hand lyfter ett skynke och avsl\u00f6jar Zendrs nya fraktportal p\u00e5 sk\u00e4rmen \u2013 en smygtitt inf\u00f6r lanseringen."},{"@type":"BreadcrumbList","@id":"https:\/\/zendr.se\/blogg\/smygtitta-pa-nya-portalen-nu-visar-vi-hur-den-ser-ut\/#breadcrumb","itemListElement":[{"@type":"ListItem","position":1,"name":"Home","item":"https:\/\/zendr.se\/"},{"@type":"ListItem","position":2,"name":"Smygtitta p\u00e5 nya portalen: nu visar vi hur den ser ut"}]},{"@type":"WebSite","@id":"https:\/\/zendr.se\/#website","url":"https:\/\/zendr.se\/","name":"zendr.se","description":"Vi forenkler frakt","publisher":{"@id":"https:\/\/zendr.se\/#organization"},"potentialAction":[{"@type":"SearchAction","target":{"@type":"EntryPoint","urlTemplate":"https:\/\/zendr.se\/?s={search_term_string}"},"query-input":{"@type":"PropertyValueSpecification","valueRequired":true,"valueName":"search_term_string"}}],"inLanguage":"nb-NO"},{"@type":"Organization","@id":"https:\/\/zendr.se\/#organization","name":"Zendr","url":"https:\/\/zendr.se\/","logo":{"@type":"ImageObject","inLanguage":"nb-NO","@id":"https:\/\/zendr.se\/#\/schema\/logo\/image\/","url":"https:\/\/zendr.se\/wp-content\/uploads\/2025\/04\/cropped-cropped-Zendr-logo-2.png","contentUrl":"https:\/\/zendr.se\/wp-content\/uploads\/2025\/04\/cropped-cropped-Zendr-logo-2.png","width":512,"height":119,"caption":"Zendr"},"image":{"@id":"https:\/\/zendr.se\/#\/schema\/logo\/image\/"}},{"@type":"Person","@id":"https:\/\/zendr.se\/#\/schema\/person\/22d6f32ddae5bd61273090aee4559c55","name":"Jonas Ehne","image":{"@type":"ImageObject","inLanguage":"nb-NO","@id":"https:\/\/secure.gravatar.com\/avatar\/e5d8bab805f957ecfa03c7f8ff36ac77c4f280e78403ab5932cd11222e7e1f4d?s=96&d=mm&r=g","url":"https:\/\/secure.gravatar.com\/avatar\/e5d8bab805f957ecfa03c7f8ff36ac77c4f280e78403ab5932cd11222e7e1f4d?s=96&d=mm&r=g","contentUrl":"https:\/\/secure.gravatar.com\/avatar\/e5d8bab805f957ecfa03c7f8ff36ac77c4f280e78403ab5932cd11222e7e1f4d?s=96&d=mm&r=g","caption":"Jonas Ehne"},"url":"https:\/\/zendr.se\/no\/blogg\/author\/jonas-ehne\/"}]}},"jetpack_featured_media_url":"https:\/\/zendr.se\/wp-content\/uploads\/2026\/08\/hero_smygtitt-nya-portalen.png","_links":{"self":[{"href":"https:\/\/zendr.se\/no\/wp-json\/wp\/v2\/posts\/8946","targetHints":{"allow":["GET"]}}],"collection":[{"href":"https:\/\/zendr.se\/no\/wp-json\/wp\/v2\/posts"}],"about":[{"href":"https:\/\/zendr.se\/no\/wp-json\/wp\/v2\/types\/post"}],"author":[{"embeddable":true,"href":"https:\/\/zendr.se\/no\/wp-json\/wp\/v2\/users\/13"}],"replies":[{"embeddable":true,"href":"https:\/\/zendr.se\/no\/wp-json\/wp\/v2\/comments?post=8946"}],"version-history":[{"count":16,"href":"https:\/\/zendr.se\/no\/wp-json\/wp\/v2\/posts\/8946\/revisions"}],"predecessor-version":[{"id":9000,"href":"https:\/\/zendr.se\/no\/wp-json\/wp\/v2\/posts\/8946\/revisions\/9000"}],"wp:featuredmedia":[{"embeddable":true,"href":"https:\/\/zendr.se\/no\/wp-json\/wp\/v2\/media\/8968"}],"wp:attachment":[{"href":"https:\/\/zendr.se\/no\/wp-json\/wp\/v2\/media?parent=8946"}],"wp:term":[{"taxonomy":"category","embeddable":true,"href":"https:\/\/zendr.se\/no\/wp-json\/wp\/v2\/categories?post=8946"},{"taxonomy":"post_tag","embeddable":true,"href":"https:\/\/zendr.se\/no\/wp-json\/wp\/v2\/tags?post=8946"}],"curies":[{"name":"wp","href":"https:\/\/api.w.org\/{rel}","templated":true}]}}