{"id":8948,"date":"2026-08-27T09:42:03","date_gmt":"2026-08-27T07:42:03","guid":{"rendered":"https:\/\/zendr.se\/?p=8948"},"modified":"2026-09-03T09:43:02","modified_gmt":"2026-09-03T07:43:02","slug":"mot-zendrs-support-och-manniskorna-bakom-din-frakt","status":"publish","type":"post","link":"https:\/\/zendr.se\/no\/blogg\/mot-zendrs-support-och-manniskorna-bakom-din-frakt\/","title":{"rendered":"M\u00f8t Zendrs support og menneskene bak frakten din"},"content":{"rendered":"<div data-elementor-type=\"wp-post\" data-elementor-id=\"8948\" class=\"elementor elementor-8948\" data-elementor-post-type=\"post\">\n\t\t\t\t<div class=\"elementor-element elementor-element-27c25aaf e-flex e-con-boxed e-con e-parent\" data-id=\"27c25aaf\" data-element_type=\"container\" data-e-type=\"container\">\n\t\t\t\t\t<div class=\"e-con-inner\">\n\t\t\t\t<div class=\"elementor-element elementor-element-3fc730ed elementor-widget elementor-widget-text-editor\" data-id=\"3fc730ed\" data-element_type=\"widget\" data-e-type=\"widget\" data-widget_type=\"text-editor.default\">\n\t\t\t\t<div class=\"elementor-widget-container\">\n\t\t\t\t\t\t\t\t\t\n<p>Ju mer av logistiken som blir digital, desto mer betyder de som svarar n\u00e4r du h\u00f6r av dig. Hos oss finns ingen chattbott och inget autosvar. N\u00e4r du ringer eller skickar in ett \u00e4rende \u00e4r det en riktig m\u00e4nniska som s\u00e4tter sig in i just din frakt, och som stannar kvar i \u00e4rendet tills det \u00e4r l\u00f6st. H\u00e4r \u00e4r tv\u00e5 av dem, och lite om hur vi jobbar.<\/p>\n\n<h2 class=\"wp-block-heading\" style=\"margin-top: 56px;\">Kundtj\u00e4nsten hos Zendr: vilka du pratar med<\/h2>\n\n<p>V\u00e5r kundtj\u00e4nst \u00e4r ingen v\u00e4xel som kopplar dig vidare. De som svarar sitter i f\u00f6rsta ledet, tar emot samtalen sj\u00e4lva och \u00e4ger \u00e4rendet hela v\u00e4gen. Det \u00e4r samma personer som gr\u00e4ver i en faktura, ringer transport\u00f6ren och \u00e5terkommer till dig med svaret.<\/p>\n\n<p>Avdelningen har vuxit det senaste \u00e5ret, och teamet har byggt upp olika spetskompetenser: reklamationer och transportskador, priser och fakturafr\u00e5gor, tull och utrikesfrakt. Din fr\u00e5ga hamnar hos n\u00e5gon som kan just den biten. Rutinerna \u00e4ndras hela tiden i takt med att transport\u00f6rerna uppdaterar sina regler, och en stor del av jobbet \u00e4r att h\u00e5lla koll p\u00e5 det \u00e5t dig.<\/p>\n\n<h2 class=\"wp-block-heading\" style=\"margin-top: 56px;\">M\u00f6t tv\u00e5 av dem<\/h2>\n\n<div class=\"wp-block-group has-background is-layout-flow wp-container-core-group-is-layout-cd0092ed wp-block-group-is-layout-flow\" style=\"border-radius: 16px; background-color: #f5f6f8; margin-top: 44px; margin-bottom: 44px; padding: 44px;\">\n<div class=\"wp-block-columns are-vertically-aligned-top is-layout-flex wp-container-core-columns-is-layout-c030573d wp-block-columns-is-layout-flex\" style=\"column-gap: 44px;\">\n<div class=\"wp-block-column is-vertically-aligned-top is-layout-flow wp-block-column-is-layout-flow\" style=\"flex-basis: 30%;\">\n<figure class=\"wp-block-image size-large has-custom-border\"><img fetchpriority=\"high\" decoding=\"async\" width=\"1000\" height=\"1333\" class=\"wp-image-8976\" style=\"border-radius: 12px;\" src=\"https:\/\/zendr.se\/wp-content\/uploads\/2026\/09\/zendr-kundtjanst-ling-portratt.jpg\" alt=\"Ling Chen, Claims Specialist p\u00e5 Zendr, med headset framf\u00f6r sin datorsk\u00e4rm.\" srcset=\"https:\/\/zendr.se\/wp-content\/uploads\/2026\/09\/zendr-kundtjanst-ling-portratt.jpg 1000w, https:\/\/zendr.se\/wp-content\/uploads\/2026\/09\/zendr-kundtjanst-ling-portratt-225x300.jpg 225w, https:\/\/zendr.se\/wp-content\/uploads\/2026\/09\/zendr-kundtjanst-ling-portratt-768x1024.jpg 768w, https:\/\/zendr.se\/wp-content\/uploads\/2026\/09\/zendr-kundtjanst-ling-portratt-9x12.jpg 9w\" sizes=\"(max-width: 1000px) 100vw, 1000px\" \/><\/figure>\n\n<p style=\"margin-top: 16px; margin-bottom: 0; font-size: 20px; font-style: normal; font-weight: bold;\">Ling Chen<\/p>\n\n<p class=\"has-text-color\" style=\"color: #5b6068; margin-top: 4px; margin-bottom: 0; font-size: 15px;\">Claims Specialist<\/p>\n<\/div>\n\n<div class=\"wp-block-column is-vertically-aligned-top is-layout-flow wp-block-column-is-layout-flow\">\n<h2 class=\"wp-block-heading\" style=\"margin-top: 0;\">Reklamationer \u00e4r hans hemmaplan<\/h2>\n\n<p>Ling har jobbat med transportskador i ungef\u00e4r 20 \u00e5r, senast p\u00e5 ett av v\u00e4rldens st\u00f6rsta transportbolag. Blir en frakt f\u00f6rsenad, skadad eller borta beh\u00f6ver du inte reklamera sj\u00e4lv, tjata p\u00e5 transport\u00f6ren eller h\u00e5lla reda p\u00e5 turordningen. \u201dDet \u00e4r vi som tar allting\u201d, som han s\u00e4ger.<\/p>\n\n<p>M\u00e5nga tror att en reklamation \u00e4r n\u00e5got du m\u00e5ste sk\u00f6ta direkt mot transport\u00f6ren. Hos oss \u00e4r det vi som g\u00f6r det, \u00e4ven n\u00e4r godset g\u00e5tt med ett bolag du sj\u00e4lv aldrig haft kontakt med.<\/p>\n\n<p>Borttappat gods \u00e4r vanligare \u00e4n m\u00e5nga tror, och att hitta r\u00e4tt igen \u00e4r ofta ett rent detektivarbete. Ling beg\u00e4r efters\u00f6kning, och d\u00e5 beh\u00f6ver han en ordentlig godsbeskrivning av dig: m\u00e5tt, hur det \u00e4r packat, f\u00e4rg, etiketter och eventuell logga. En stor terminal kan hantera tiotusentals paket p\u00e5 en enda dag, och \u201dden \u00e4r brun och 40 g\u00e5nger 40 g\u00e5nger 40\u201d r\u00e4cker inte l\u00e5ngt d\u00e4r. Bakom kulisserna \u00e4r det m\u00e4nniskor som g\u00e5r ut och letar.<\/p>\n\n<p>Att ingen l\u00e4ser fraktvillkoren fr\u00e5n p\u00e4rm till p\u00e4rm har han full f\u00f6rst\u00e5else f\u00f6r. Skickar du med fyra transport\u00f6rer skulle du beh\u00f6va kunna fyra regelverk, och det \u00e4r inte rimligt. Du packar, du skickar, och sedan ska det bara fungera. Han bjuder ocks\u00e5 g\u00e4rna p\u00e5 ett konkret tips inf\u00f6r n\u00e4sta g\u00e5ng, som att en glasflaska i en vanlig kartong s\u00e4llan slutar lyckligt.<\/p>\n<\/div>\n<\/div>\n<\/div>\n\n<div class=\"wp-block-group has-background is-layout-flow wp-container-core-group-is-layout-cd0092ed wp-block-group-is-layout-flow\" style=\"border-radius: 16px; background-color: #fcecea; margin-top: 44px; margin-bottom: 44px; padding: 44px;\">\n<div class=\"wp-block-columns are-vertically-aligned-top is-layout-flex wp-container-core-columns-is-layout-c030573d wp-block-columns-is-layout-flex\" style=\"column-gap: 44px;\">\n<div class=\"wp-block-column is-vertically-aligned-top is-layout-flow wp-block-column-is-layout-flow\">\n<h2 class=\"wp-block-heading\" style=\"margin-top: 0;\">Analytikern som sl\u00e5ss f\u00f6r din faktura<\/h2>\n\n<p>Emilia har snart ett \u00e5r hos oss och sitter i f\u00f6rsta ledet f\u00f6r v\u00e5r support. Till henne kommer mycket av upph\u00e4mtnings- och leverans\u00e4rendena, men det hon brinner allra mest f\u00f6r \u00e4r pris- och faktureringsfr\u00e5gor: varf\u00f6r blev fakturan dyrare \u00e4n v\u00e4ntat, och varf\u00f6r d\u00f6k det d\u00e4r till\u00e4gget upp?<\/p>\n\n<p>D\u00e5 gr\u00e4ver hon i vad som faktiskt h\u00e4nt mellan bokning och leverans, f\u00f6rklarar transport\u00f6rens bed\u00f6mning och ser till att du f\u00f6rst\u00e5r hur du undviker samma sak n\u00e4sta g\u00e5ng. B\u00e4st av allt tycker hon det \u00e4r n\u00e4r transport\u00f6ren gjort en felaktig bed\u00f6mning och hon f\u00e5r tillbaka pengar till kunden. \u201dJag har k\u00e4mpat f\u00f6r min kund och varit deras talesperson\u201d, s\u00e4ger hon om de \u00e4rendena.<\/p>\n\n<p>Efter ett \u00e5r i branschen har Emilia dessutom blivit n\u00e5got av en logistikn\u00f6rd. Numera spanar hon efter lastbilar n\u00e4r hon reser och funderar p\u00e5 vilket bolag de tillh\u00f6r, och hon l\u00e4ser g\u00e4rna p\u00e5 n\u00e4r EU \u00e4ndrar reglerna kring till exempel tullfrihetsgr\u00e4nser eller paketering f\u00f6r e-handel. N\u00f6rdigheten smittar av sig \u00e4ven utanf\u00f6r jobbet: h\u00e4romveckan h\u00f6rde hennes egen mamma av sig om ett paket som fastnat i tullen, och Emilia slog upp det och l\u00f6ste det. Varken hennes paket eller Zendrs kund, men hj\u00e4lper man kan s\u00e5 g\u00f6r man det.<\/p>\n\n<p>Hennes b\u00e4sta r\u00e5d \u00e4r enkelt: h\u00f6r av dig hellre en g\u00e5ng f\u00f6r mycket \u00e4n en g\u00e5ng f\u00f6r lite. \u201dDet finns inga dumma fr\u00e5gor\u201d, som hon brukar s\u00e4ga, och hon sitter hellre med dig i en halvtimme innan avg\u00e5ng \u00e4n l\u00e5ter frakten fastna i tullen en vecka senare.<\/p>\n<\/div>\n\n<div class=\"wp-block-column is-vertically-aligned-top is-layout-flow wp-block-column-is-layout-flow\" style=\"flex-basis: 30%;\">\n<figure class=\"wp-block-image size-large has-custom-border\"><img decoding=\"async\" width=\"1000\" height=\"1333\" class=\"wp-image-8977\" style=\"border-radius: 12px;\" src=\"https:\/\/zendr.se\/wp-content\/uploads\/2026\/09\/zendr-kundtjanst-emilia-portratt.jpg\" alt=\"Emilia Nilsson, First line Support p\u00e5 Zendr, med headset och glas\u00f6gon, ler mot kameran.\" srcset=\"https:\/\/zendr.se\/wp-content\/uploads\/2026\/09\/zendr-kundtjanst-emilia-portratt.jpg 1000w, https:\/\/zendr.se\/wp-content\/uploads\/2026\/09\/zendr-kundtjanst-emilia-portratt-225x300.jpg 225w, https:\/\/zendr.se\/wp-content\/uploads\/2026\/09\/zendr-kundtjanst-emilia-portratt-768x1024.jpg 768w, https:\/\/zendr.se\/wp-content\/uploads\/2026\/09\/zendr-kundtjanst-emilia-portratt-9x12.jpg 9w\" sizes=\"(max-width: 1000px) 100vw, 1000px\" \/><\/figure>\n\n<p style=\"margin-top: 16px; margin-bottom: 0; font-size: 20px; font-style: normal; font-weight: bold;\">Emilia Nilsson<\/p>\n\n<p class=\"has-text-color\" style=\"color: #5b6068; margin-top: 4px; margin-bottom: 0; font-size: 15px;\">First line Support<\/p>\n<\/div>\n<\/div>\n<\/div>\n\n<h2 class=\"wp-block-heading\" style=\"margin-top: 56px;\">En vanlig dag i kundtj\u00e4nsten<\/h2>\n\n<p>Tempot \u00e4r h\u00f6gt, och \u00e4rendena landar oftast i n\u00e5gra \u00e5terkommande sp\u00e5r:<\/p>\n\n<ul class=\"wp-block-list\">\n<li><strong>Upph\u00e4mtningar<\/strong>, den vanligaste kategorin. Tidsf\u00f6nstret passar inte l\u00e4ngre och vi bokar om, eller s\u00e5 saknas en referens som kuriren beh\u00f6ver f\u00f6r att f\u00e5 h\u00e4mta godset.<\/li>\n<li><strong>Leveranser<\/strong> som hakar upp sig. Var \u00e4r godset, och varf\u00f6r blev det ingen utk\u00f6rning den dag du \u00f6nskade?<\/li>\n<li><strong>Priser och fakturor<\/strong>, b\u00e5de att nysta ut vad som h\u00e4nt och att f\u00f6rklara varf\u00f6r transport\u00f6ren reagerat som den gjort.<\/li>\n<li><strong>Reklamationer<\/strong>: skador, f\u00f6rseningar och f\u00f6rsvunnet gods.<\/li>\n<\/ul>\n\n<p>Kunderna \u00e4r allt fr\u00e5n egenf\u00f6retagare med en webbshop till produktionschefer, supply managers, lagerchefer och byr\u00e5er som skickar m\u00e4ss- och eventgods, och \u00e4rendena r\u00f6r b\u00e5de inrikesfrakt och mer komplexa utrikess\u00e4ndningar.<\/p>\n\n<h2 class=\"wp-block-heading\" style=\"margin-top: 56px;\">H\u00e4lften teknik, h\u00e4lften f\u00f6rst\u00e5else<\/h2>\n\n<p>En \u00e4rlig bild av varf\u00f6r \u00e4renden uppst\u00e5r: ungef\u00e4r h\u00e4lften beror p\u00e5 att saker ibland g\u00e5r fel, f\u00f6r s\u00e5 \u00e4r logistik. Den andra h\u00e4lften handlar om information. N\u00e5got har matats in fel, en uppgift saknades, eller du och transport\u00f6ren har helt enkelt t\u00e4nkt olika om samma f\u00f6rs\u00e4ndelse. D\u00e5 \u00e4r v\u00e5rt jobb att brygga glappet. Det brukar g\u00e5 bra, f\u00f6r alla vill i grunden samma sak: att godset ska komma fram, snabbt och utan problem.<\/p>\n\n<h2 class=\"wp-block-heading\" style=\"margin-top: 56px;\">Det h\u00e4r f\u00e5r du g\u00e4rna h\u00f6ra av dig om<\/h2>\n\n<p>Ut\u00f6ver upph\u00e4mtning och leverans finns vi h\u00e4r f\u00f6r det som ofta k\u00e4nns kr\u00e5ngligt. H\u00f6r g\u00e4rna av dig om till exempel:<\/p>\n\n<ul class=\"wp-block-list\">\n<li><strong>Tullfakturor.<\/strong> Vad ska fyllas i, och vad \u00e4r bra att t\u00e4nka p\u00e5 vid import och export?<\/li>\n<li><strong>Val av fraktuppl\u00e4gg.<\/strong> R\u00e5dgivning kring olika typer av frakt, till exempel express, m\u00e4ssgods och gods med h\u00f6gt v\u00e4rde.<\/li>\n<li><strong>Statusuppdateringar.<\/strong> Var \u00e4r godset, genom hela fraktprocessen.<\/li>\n<li><strong>Leveransbevis.<\/strong> Beh\u00f6ver du snabbt veta vem som tagit emot en leverans n\u00e4r mottagaren saknar godset, hj\u00e4lper vi dig f\u00e5 svar.<\/li>\n<li><strong>Fel i en frakt.<\/strong> Returbeg\u00e4ran, \u00e4ndringar i en bokning eller andra avvikelser.<\/li>\n<li><strong>Farligt gods.<\/strong> Vad som \u00e4r viktigt att t\u00e4nka p\u00e5, hur ansvaret ser ut och hur du g\u00f6r r\u00e4tt fr\u00e5n b\u00f6rjan.<\/li>\n<\/ul>\n\n<h2 class=\"wp-block-heading\" style=\"margin-top: 56px;\">S\u00e5 n\u00e5r du oss, och n\u00e4r du b\u00f6r g\u00f6ra det<\/h2>\n\n<p>Du n\u00e5r kundtj\u00e4nsten p\u00e5 <strong>08-4800 12 70<\/strong> vardagar mellan 08:00 och 17:00. Du kan ringa, men du beh\u00f6ver inte. Skickar du in ett \u00e4rende i portalen, eller h\u00f6r av dig via <a href=\"https:\/\/zendr.se\/no\/kontakt\/\">kontaktsidan<\/a>, hj\u00e4lper vi dig precis lika g\u00e4rna. N\u00e5gra l\u00e4gen d\u00e5 det \u00e4r extra v\u00e4rt att h\u00f6ra av sig:<\/p>\n\n<ul class=\"wp-block-list\">\n<li><strong>Du \u00e4r ny hos oss.<\/strong> Ring s\u00e5 mycket du vill i b\u00f6rjan, s\u00e5 slipper du l\u00e4ra dig genom misstag.<\/li>\n<li><strong>Din verksamhet tar ett nytt steg.<\/strong> G\u00e5r du fr\u00e5n inrikesfrakt till Europa, eller ska b\u00f6rja skicka utanf\u00f6r EU, \u00e4r det ett kritiskt skede.<\/li>\n<li><strong>N\u00e5got k\u00e4nns oklart innan avg\u00e5ng.<\/strong> En halvtimme med oss nu \u00e4r b\u00e4ttre \u00e4n en frakt som st\u00e5r fast i tullen om en vecka.<\/li>\n<\/ul>\n\n<p>M\u00e5let \u00e4r att du ska bli mer sj\u00e4lvg\u00e5ende, inte mer beroende av oss. Det b\u00f6rjar ofta med att n\u00e5gon bokar sin f\u00f6rsta frakt med guidning p\u00e5 telefon, och slutar med att samma person fyller i tullfakturor utan att blinka.<\/p>\n\n<h2 class=\"wp-block-heading\" style=\"margin-top: 56px;\">Du beh\u00f6ver aldrig tveka<\/h2>\n\n<p>Vi digitaliserar f\u00f6r att g\u00f6ra din vardag enklare, inte f\u00f6r att bygga en v\u00e4gg mellan oss. M\u00e5let \u00e4r precis tv\u00e4rtom: att alla ska kunna n\u00e5 oss. M\u00e5nga av v\u00e5ra kunder har vi pratat med i \u00e5ratal, och vi ser oss som deras partner snarare \u00e4n deras leverant\u00f6r.<\/p>\n\n<p>S\u00e5 n\u00e4sta g\u00e5ng n\u00e5got k\u00e4nns oklart, sitt inte och chansa. <a href=\"https:\/\/portal.zendr.se\/\">Logg inn i portalen<\/a> och boka din n\u00e4sta frakt, s\u00e5 finns vi ett samtal bort om du beh\u00f6ver oss.<\/p>\n\n<p>\u00a0<\/p>\t\t\t\t\t\t\t\t<\/div>\n\t\t\t\t<\/div>\n\t\t\t\t\t<\/div>\n\t\t\t\t<\/div>\n\t\t\t\t<\/div>","protected":false},"excerpt":{"rendered":"<p>Hos Zendr finns det alltid riktiga m\u00e4nniskor som hj\u00e4lper dig med dina support\u00e4renden. H\u00e4r ber\u00e4ttar vi mer om hur vi arbetar och passar p\u00e5 att introducera Ling och Emilia.<\/p>","protected":false},"author":13,"featured_media":8997,"comment_status":"closed","ping_status":"closed","sticky":false,"template":"","format":"standard","meta":{"_acf_changed":false,"footnotes":""},"categories":[1],"tags":[54],"class_list":["post-8948","post","type-post","status-publish","format-standard","has-post-thumbnail","hentry","category-uncategorized","tag-lar-kanna-zendr"],"acf":[],"yoast_head":"<!-- This site is optimized with the Yoast SEO Premium plugin v27.6 (Yoast SEO v28.4) - https:\/\/yoast.com\/product\/yoast-seo-premium-wordpress\/ -->\n<title>M\u00f6t Zendrs support och m\u00e4nniskorna bakom din frakt - Zendr - F\u00f6renkla din f\u00f6retagsfrakt<\/title>\n<meta name=\"robots\" content=\"index, follow, max-snippet:-1, max-image-preview:large, max-video-preview:-1\" \/>\n<link rel=\"canonical\" href=\"https:\/\/zendr.se\/no\/blogg\/mot-zendrs-support-och-manniskorna-bakom-din-frakt\/\" \/>\n<meta property=\"og:locale\" content=\"nb_NO\" \/>\n<meta property=\"og:type\" content=\"article\" \/>\n<meta property=\"og:title\" content=\"M\u00f6t Zendrs support och m\u00e4nniskorna bakom din frakt\" \/>\n<meta property=\"og:description\" content=\"Hos Zendr finns det alltid riktiga m\u00e4nniskor som hj\u00e4lper dig med dina support\u00e4renden. H\u00e4r ber\u00e4ttar vi mer om hur vi arbetar och passar p\u00e5 att introducera Ling och Emilia.\" \/>\n<meta property=\"og:url\" content=\"https:\/\/zendr.se\/no\/blogg\/mot-zendrs-support-och-manniskorna-bakom-din-frakt\/\" \/>\n<meta property=\"og:site_name\" content=\"Zendr - F\u00f6renkla din f\u00f6retagsfrakt\" \/>\n<meta property=\"article:published_time\" content=\"2026-08-27T07:42:03+00:00\" \/>\n<meta property=\"article:modified_time\" content=\"2026-09-03T07:43:02+00:00\" \/>\n<meta property=\"og:image\" content=\"https:\/\/zendr.se\/wp-content\/uploads\/2026\/09\/zendr-kundtjanst-hero-team_SV-3.png\" \/>\n\t<meta property=\"og:image:width\" content=\"1600\" \/>\n\t<meta property=\"og:image:height\" content=\"900\" \/>\n\t<meta property=\"og:image:type\" content=\"image\/png\" \/>\n<meta name=\"author\" content=\"Jonas Ehne\" \/>\n<meta name=\"twitter:card\" content=\"summary_large_image\" \/>\n<meta name=\"twitter:label1\" content=\"Skrevet av\" \/>\n\t<meta name=\"twitter:data1\" content=\"Jonas Ehne\" \/>\n\t<meta name=\"twitter:label2\" content=\"Ansl. lesetid\" \/>\n\t<meta name=\"twitter:data2\" content=\"7 minutter\" \/>\n<script type=\"application\/ld+json\" class=\"yoast-schema-graph\">{\"@context\":\"https:\\\/\\\/schema.org\",\"@graph\":[{\"@type\":\"Article\",\"@id\":\"https:\\\/\\\/zendr.se\\\/blogg\\\/mot-zendrs-support-och-manniskorna-bakom-din-frakt\\\/#article\",\"isPartOf\":{\"@id\":\"https:\\\/\\\/zendr.se\\\/blogg\\\/mot-zendrs-support-och-manniskorna-bakom-din-frakt\\\/\"},\"author\":{\"name\":\"Jonas Ehne\",\"@id\":\"https:\\\/\\\/zendr.se\\\/#\\\/schema\\\/person\\\/22d6f32ddae5bd61273090aee4559c55\"},\"headline\":\"M\u00f6t Zendrs support och m\u00e4nniskorna bakom din frakt\",\"datePublished\":\"2026-08-27T07:42:03+00:00\",\"dateModified\":\"2026-09-03T07:43:02+00:00\",\"mainEntityOfPage\":{\"@id\":\"https:\\\/\\\/zendr.se\\\/blogg\\\/mot-zendrs-support-och-manniskorna-bakom-din-frakt\\\/\"},\"wordCount\":1459,\"publisher\":{\"@id\":\"https:\\\/\\\/zendr.se\\\/#organization\"},\"image\":{\"@id\":\"https:\\\/\\\/zendr.se\\\/blogg\\\/mot-zendrs-support-och-manniskorna-bakom-din-frakt\\\/#primaryimage\"},\"thumbnailUrl\":\"https:\\\/\\\/zendr.se\\\/wp-content\\\/uploads\\\/2026\\\/09\\\/zendr-kundtjanst-hero-team_SV-3.png\",\"keywords\":[\"L\u00e4r k\u00e4nna Zendr\"],\"articleSection\":[\"Uncategorized\"],\"inLanguage\":\"nb-NO\"},{\"@type\":\"WebPage\",\"@id\":\"https:\\\/\\\/zendr.se\\\/blogg\\\/mot-zendrs-support-och-manniskorna-bakom-din-frakt\\\/\",\"url\":\"https:\\\/\\\/zendr.se\\\/blogg\\\/mot-zendrs-support-och-manniskorna-bakom-din-frakt\\\/\",\"name\":\"M\u00f6t Zendrs support och m\u00e4nniskorna bakom din frakt - Zendr - F\u00f6renkla din f\u00f6retagsfrakt\",\"isPartOf\":{\"@id\":\"https:\\\/\\\/zendr.se\\\/#website\"},\"primaryImageOfPage\":{\"@id\":\"https:\\\/\\\/zendr.se\\\/blogg\\\/mot-zendrs-support-och-manniskorna-bakom-din-frakt\\\/#primaryimage\"},\"image\":{\"@id\":\"https:\\\/\\\/zendr.se\\\/blogg\\\/mot-zendrs-support-och-manniskorna-bakom-din-frakt\\\/#primaryimage\"},\"thumbnailUrl\":\"https:\\\/\\\/zendr.se\\\/wp-content\\\/uploads\\\/2026\\\/09\\\/zendr-kundtjanst-hero-team_SV-3.png\",\"datePublished\":\"2026-08-27T07:42:03+00:00\",\"dateModified\":\"2026-09-03T07:43:02+00:00\",\"breadcrumb\":{\"@id\":\"https:\\\/\\\/zendr.se\\\/blogg\\\/mot-zendrs-support-och-manniskorna-bakom-din-frakt\\\/#breadcrumb\"},\"inLanguage\":\"nb-NO\",\"potentialAction\":[{\"@type\":\"ReadAction\",\"target\":[\"https:\\\/\\\/zendr.se\\\/blogg\\\/mot-zendrs-support-och-manniskorna-bakom-din-frakt\\\/\"]}]},{\"@type\":\"ImageObject\",\"inLanguage\":\"nb-NO\",\"@id\":\"https:\\\/\\\/zendr.se\\\/blogg\\\/mot-zendrs-support-och-manniskorna-bakom-din-frakt\\\/#primaryimage\",\"url\":\"https:\\\/\\\/zendr.se\\\/wp-content\\\/uploads\\\/2026\\\/09\\\/zendr-kundtjanst-hero-team_SV-3.png\",\"contentUrl\":\"https:\\\/\\\/zendr.se\\\/wp-content\\\/uploads\\\/2026\\\/09\\\/zendr-kundtjanst-hero-team_SV-3.png\",\"width\":1600,\"height\":900},{\"@type\":\"BreadcrumbList\",\"@id\":\"https:\\\/\\\/zendr.se\\\/blogg\\\/mot-zendrs-support-och-manniskorna-bakom-din-frakt\\\/#breadcrumb\",\"itemListElement\":[{\"@type\":\"ListItem\",\"position\":1,\"name\":\"Home\",\"item\":\"https:\\\/\\\/zendr.se\\\/\"},{\"@type\":\"ListItem\",\"position\":2,\"name\":\"M\u00f6t Zendrs support och m\u00e4nniskorna bakom din frakt\"}]},{\"@type\":\"WebSite\",\"@id\":\"https:\\\/\\\/zendr.se\\\/#website\",\"url\":\"https:\\\/\\\/zendr.se\\\/\",\"name\":\"zendr.se\",\"description\":\"Vi f\u00f6renklar frakt\",\"publisher\":{\"@id\":\"https:\\\/\\\/zendr.se\\\/#organization\"},\"potentialAction\":[{\"@type\":\"SearchAction\",\"target\":{\"@type\":\"EntryPoint\",\"urlTemplate\":\"https:\\\/\\\/zendr.se\\\/?s={search_term_string}\"},\"query-input\":{\"@type\":\"PropertyValueSpecification\",\"valueRequired\":true,\"valueName\":\"search_term_string\"}}],\"inLanguage\":\"nb-NO\"},{\"@type\":\"Organization\",\"@id\":\"https:\\\/\\\/zendr.se\\\/#organization\",\"name\":\"Zendr\",\"url\":\"https:\\\/\\\/zendr.se\\\/\",\"logo\":{\"@type\":\"ImageObject\",\"inLanguage\":\"nb-NO\",\"@id\":\"https:\\\/\\\/zendr.se\\\/#\\\/schema\\\/logo\\\/image\\\/\",\"url\":\"https:\\\/\\\/zendr.se\\\/wp-content\\\/uploads\\\/2025\\\/04\\\/cropped-cropped-Zendr-logo-2.png\",\"contentUrl\":\"https:\\\/\\\/zendr.se\\\/wp-content\\\/uploads\\\/2025\\\/04\\\/cropped-cropped-Zendr-logo-2.png\",\"width\":512,\"height\":119,\"caption\":\"Zendr\"},\"image\":{\"@id\":\"https:\\\/\\\/zendr.se\\\/#\\\/schema\\\/logo\\\/image\\\/\"}},{\"@type\":\"Person\",\"@id\":\"https:\\\/\\\/zendr.se\\\/#\\\/schema\\\/person\\\/22d6f32ddae5bd61273090aee4559c55\",\"name\":\"Jonas Ehne\",\"image\":{\"@type\":\"ImageObject\",\"inLanguage\":\"nb-NO\",\"@id\":\"https:\\\/\\\/secure.gravatar.com\\\/avatar\\\/e5d8bab805f957ecfa03c7f8ff36ac77c4f280e78403ab5932cd11222e7e1f4d?s=96&d=mm&r=g\",\"url\":\"https:\\\/\\\/secure.gravatar.com\\\/avatar\\\/e5d8bab805f957ecfa03c7f8ff36ac77c4f280e78403ab5932cd11222e7e1f4d?s=96&d=mm&r=g\",\"contentUrl\":\"https:\\\/\\\/secure.gravatar.com\\\/avatar\\\/e5d8bab805f957ecfa03c7f8ff36ac77c4f280e78403ab5932cd11222e7e1f4d?s=96&d=mm&r=g\",\"caption\":\"Jonas Ehne\"},\"url\":\"https:\\\/\\\/zendr.se\\\/no\\\/blogg\\\/author\\\/jonas-ehne\\\/\"}]}<\/script>\n<!-- \/ Yoast SEO Premium plugin. -->","yoast_head_json":{"title":"M\u00f6t Zendrs support och m\u00e4nniskorna bakom din frakt - Zendr - F\u00f6renkla din f\u00f6retagsfrakt","robots":{"index":"index","follow":"follow","max-snippet":"max-snippet:-1","max-image-preview":"max-image-preview:large","max-video-preview":"max-video-preview:-1"},"canonical":"https:\/\/zendr.se\/no\/blogg\/mot-zendrs-support-och-manniskorna-bakom-din-frakt\/","og_locale":"nb_NO","og_type":"article","og_title":"M\u00f6t Zendrs support och m\u00e4nniskorna bakom din frakt","og_description":"Hos Zendr finns det alltid riktiga m\u00e4nniskor som hj\u00e4lper dig med dina support\u00e4renden. H\u00e4r ber\u00e4ttar vi mer om hur vi arbetar och passar p\u00e5 att introducera Ling och Emilia.","og_url":"https:\/\/zendr.se\/no\/blogg\/mot-zendrs-support-och-manniskorna-bakom-din-frakt\/","og_site_name":"Zendr - F\u00f6renkla din f\u00f6retagsfrakt","article_published_time":"2026-08-27T07:42:03+00:00","article_modified_time":"2026-09-03T07:43:02+00:00","og_image":[{"width":1600,"height":900,"url":"https:\/\/zendr.se\/wp-content\/uploads\/2026\/09\/zendr-kundtjanst-hero-team_SV-3.png","type":"image\/png"}],"author":"Jonas Ehne","twitter_card":"summary_large_image","twitter_misc":{"Skrevet av":"Jonas Ehne","Ansl. lesetid":"7 minutter"},"schema":{"@context":"https:\/\/schema.org","@graph":[{"@type":"Article","@id":"https:\/\/zendr.se\/blogg\/mot-zendrs-support-och-manniskorna-bakom-din-frakt\/#article","isPartOf":{"@id":"https:\/\/zendr.se\/blogg\/mot-zendrs-support-och-manniskorna-bakom-din-frakt\/"},"author":{"name":"Jonas Ehne","@id":"https:\/\/zendr.se\/#\/schema\/person\/22d6f32ddae5bd61273090aee4559c55"},"headline":"M\u00f6t Zendrs support och m\u00e4nniskorna bakom din frakt","datePublished":"2026-08-27T07:42:03+00:00","dateModified":"2026-09-03T07:43:02+00:00","mainEntityOfPage":{"@id":"https:\/\/zendr.se\/blogg\/mot-zendrs-support-och-manniskorna-bakom-din-frakt\/"},"wordCount":1459,"publisher":{"@id":"https:\/\/zendr.se\/#organization"},"image":{"@id":"https:\/\/zendr.se\/blogg\/mot-zendrs-support-och-manniskorna-bakom-din-frakt\/#primaryimage"},"thumbnailUrl":"https:\/\/zendr.se\/wp-content\/uploads\/2026\/09\/zendr-kundtjanst-hero-team_SV-3.png","keywords":["L\u00e4r k\u00e4nna Zendr"],"articleSection":["Uncategorized"],"inLanguage":"nb-NO"},{"@type":"WebPage","@id":"https:\/\/zendr.se\/blogg\/mot-zendrs-support-och-manniskorna-bakom-din-frakt\/","url":"https:\/\/zendr.se\/blogg\/mot-zendrs-support-och-manniskorna-bakom-din-frakt\/","name":"M\u00f6t Zendrs support och m\u00e4nniskorna bakom din frakt - Zendr - F\u00f6renkla din f\u00f6retagsfrakt","isPartOf":{"@id":"https:\/\/zendr.se\/#website"},"primaryImageOfPage":{"@id":"https:\/\/zendr.se\/blogg\/mot-zendrs-support-och-manniskorna-bakom-din-frakt\/#primaryimage"},"image":{"@id":"https:\/\/zendr.se\/blogg\/mot-zendrs-support-och-manniskorna-bakom-din-frakt\/#primaryimage"},"thumbnailUrl":"https:\/\/zendr.se\/wp-content\/uploads\/2026\/09\/zendr-kundtjanst-hero-team_SV-3.png","datePublished":"2026-08-27T07:42:03+00:00","dateModified":"2026-09-03T07:43:02+00:00","breadcrumb":{"@id":"https:\/\/zendr.se\/blogg\/mot-zendrs-support-och-manniskorna-bakom-din-frakt\/#breadcrumb"},"inLanguage":"nb-NO","potentialAction":[{"@type":"ReadAction","target":["https:\/\/zendr.se\/blogg\/mot-zendrs-support-och-manniskorna-bakom-din-frakt\/"]}]},{"@type":"ImageObject","inLanguage":"nb-NO","@id":"https:\/\/zendr.se\/blogg\/mot-zendrs-support-och-manniskorna-bakom-din-frakt\/#primaryimage","url":"https:\/\/zendr.se\/wp-content\/uploads\/2026\/09\/zendr-kundtjanst-hero-team_SV-3.png","contentUrl":"https:\/\/zendr.se\/wp-content\/uploads\/2026\/09\/zendr-kundtjanst-hero-team_SV-3.png","width":1600,"height":900},{"@type":"BreadcrumbList","@id":"https:\/\/zendr.se\/blogg\/mot-zendrs-support-och-manniskorna-bakom-din-frakt\/#breadcrumb","itemListElement":[{"@type":"ListItem","position":1,"name":"Home","item":"https:\/\/zendr.se\/"},{"@type":"ListItem","position":2,"name":"M\u00f6t Zendrs support och m\u00e4nniskorna bakom din frakt"}]},{"@type":"WebSite","@id":"https:\/\/zendr.se\/#website","url":"https:\/\/zendr.se\/","name":"zendr.se","description":"Vi forenkler frakt","publisher":{"@id":"https:\/\/zendr.se\/#organization"},"potentialAction":[{"@type":"SearchAction","target":{"@type":"EntryPoint","urlTemplate":"https:\/\/zendr.se\/?s={search_term_string}"},"query-input":{"@type":"PropertyValueSpecification","valueRequired":true,"valueName":"search_term_string"}}],"inLanguage":"nb-NO"},{"@type":"Organization","@id":"https:\/\/zendr.se\/#organization","name":"Zendr","url":"https:\/\/zendr.se\/","logo":{"@type":"ImageObject","inLanguage":"nb-NO","@id":"https:\/\/zendr.se\/#\/schema\/logo\/image\/","url":"https:\/\/zendr.se\/wp-content\/uploads\/2025\/04\/cropped-cropped-Zendr-logo-2.png","contentUrl":"https:\/\/zendr.se\/wp-content\/uploads\/2025\/04\/cropped-cropped-Zendr-logo-2.png","width":512,"height":119,"caption":"Zendr"},"image":{"@id":"https:\/\/zendr.se\/#\/schema\/logo\/image\/"}},{"@type":"Person","@id":"https:\/\/zendr.se\/#\/schema\/person\/22d6f32ddae5bd61273090aee4559c55","name":"Jonas Ehne","image":{"@type":"ImageObject","inLanguage":"nb-NO","@id":"https:\/\/secure.gravatar.com\/avatar\/e5d8bab805f957ecfa03c7f8ff36ac77c4f280e78403ab5932cd11222e7e1f4d?s=96&d=mm&r=g","url":"https:\/\/secure.gravatar.com\/avatar\/e5d8bab805f957ecfa03c7f8ff36ac77c4f280e78403ab5932cd11222e7e1f4d?s=96&d=mm&r=g","contentUrl":"https:\/\/secure.gravatar.com\/avatar\/e5d8bab805f957ecfa03c7f8ff36ac77c4f280e78403ab5932cd11222e7e1f4d?s=96&d=mm&r=g","caption":"Jonas Ehne"},"url":"https:\/\/zendr.se\/no\/blogg\/author\/jonas-ehne\/"}]}},"jetpack_featured_media_url":"https:\/\/zendr.se\/wp-content\/uploads\/2026\/09\/zendr-kundtjanst-hero-team_SV-3.png","_links":{"self":[{"href":"https:\/\/zendr.se\/no\/wp-json\/wp\/v2\/posts\/8948","targetHints":{"allow":["GET"]}}],"collection":[{"href":"https:\/\/zendr.se\/no\/wp-json\/wp\/v2\/posts"}],"about":[{"href":"https:\/\/zendr.se\/no\/wp-json\/wp\/v2\/types\/post"}],"author":[{"embeddable":true,"href":"https:\/\/zendr.se\/no\/wp-json\/wp\/v2\/users\/13"}],"replies":[{"embeddable":true,"href":"https:\/\/zendr.se\/no\/wp-json\/wp\/v2\/comments?post=8948"}],"version-history":[{"count":19,"href":"https:\/\/zendr.se\/no\/wp-json\/wp\/v2\/posts\/8948\/revisions"}],"predecessor-version":[{"id":8993,"href":"https:\/\/zendr.se\/no\/wp-json\/wp\/v2\/posts\/8948\/revisions\/8993"}],"wp:featuredmedia":[{"embeddable":true,"href":"https:\/\/zendr.se\/no\/wp-json\/wp\/v2\/media\/8997"}],"wp:attachment":[{"href":"https:\/\/zendr.se\/no\/wp-json\/wp\/v2\/media?parent=8948"}],"wp:term":[{"taxonomy":"category","embeddable":true,"href":"https:\/\/zendr.se\/no\/wp-json\/wp\/v2\/categories?post=8948"},{"taxonomy":"post_tag","embeddable":true,"href":"https:\/\/zendr.se\/no\/wp-json\/wp\/v2\/tags?post=8948"}],"curies":[{"name":"wp","href":"https:\/\/api.w.org\/{rel}","templated":true}]}}